{"id":7655,"date":"2024-11-27T10:47:56","date_gmt":"2024-11-27T13:47:56","guid":{"rendered":"https:\/\/impactodenoticias.com.ar\/?p=7655"},"modified":"2024-11-28T10:53:37","modified_gmt":"2024-11-28T13:53:37","slug":"agmer-uruguay-repudio-el-ataque-contra-una-docente-por-parte-de-la-madre-de-una-alumna","status":"publish","type":"post","link":"https:\/\/impactodenoticias.com.ar\/?p=7655","title":{"rendered":"Agmer Uruguay repudi\u00f3 el ataque contra una docente por parte de la madre de una alumna"},"content":{"rendered":"\n<h3 class=\"wp-block-heading\">\u201cRespaldamos a la docente agredida, rechazamos cualquier tipo de violencia en los \u00e1mbitos escolares y extendemos el pedido de convivencia mutua dentro de las escuelas, tanto a docente, alumnos y sus familias\u201d, se\u00f1al\u00f3 Walter Baccon, del gremio Agmer.<\/h3>\n\n\n\n<p>Una docente fue atacada por la madre de uno de los alumnos, el lunes por la tarde, cuando se encontraba dictando clases en el Colegio Justo Jos\u00e9 de Urquiza, que depende de UADER, ubicado en el centro de Concepci\u00f3n del Uruguay.<\/p>\n\n\n\n<p>Sobre el ataque a la docente, el secretario general de Agmer Uruguay, Walter Baccon, repudi\u00f3 el hecho de violencia escolar y brind\u00f3 detalles de lo sucedido a los medios: \u201cFue un hecho aislado; si bien siempre hay situaciones de discusi\u00f3n en las escuelas, no llegan a este nivel de gravedad como ocurri\u00f3 el lunes\u201d, explic\u00f3.<\/p>\n\n\n\n<p>Y agreg\u00f3: \u201cRespaldamos a la docente agredida, rechazamos cualquier tipo de violencia en los \u00e1mbitos escolares y extendemos el pedido de convivencia mutua dentro de las escuelas, tanto a docente, alumnos y sus familias\u201d.<\/p>\n\n\n\n<p>Indic\u00f3 adem\u00e1s que: \u201cLa profesora es docente de la hija de la mujer que la atac\u00f3, pero no tenemos mayores detalles sobre los motivos quew generaron la agresi\u00f3n, mas all\u00e1 de que ninguna causa pueda justificar la violencia\u201d.<\/p>\n\n\n\n<p>\u201cPara los alumnos no es grato presenciar este tipo de situaciones y tampoco hay que naturalizarlas, sino que r\u00e1pidamente debemos convocar a la sociedad a reflexionar porque ning\u00fan acto de violencia puede llegar a solucionar un inconveniente, un altercado o una discusi\u00f3n que se pueda dar\u201d, argument\u00f3 Baccon y agreg\u00f3: \u201cHay que reforzar los conceptos de solidaridad, empat\u00eda y trabajar con los alumnos los valores por el respeto al pr\u00f3jimo\u201d.<\/p>\n\n\n\n<p><strong>El video del momento del ataque<\/strong><\/p>\n\n\n\n<p><\/p>\n\n\n\n<blockquote class=\"twitter-tweet\"><p lang=\"es\" dir=\"ltr\">Una docente de Concepci\u00f3n del Uruguay fue atacada por la madre de un alumna. <a href=\"https:\/\/t.co\/NRGYpqF4DI\">pic.twitter.com\/NRGYpqF4DI<\/a><\/p>&mdash; Impacto de Noticias (@impacto_de78673) <a href=\"https:\/\/twitter.com\/impacto_de78673\/status\/1861768283256508820?ref_src=twsrc%5Etfw\">November 27, 2024<\/a><\/blockquote> <script async src=\"https:\/\/platform.twitter.com\/widgets.js\" charset=\"utf-8\"><\/script>\n","protected":false},"excerpt":{"rendered":"<p>&ldquo;Respaldamos a la docente agredida, rechazamos cualquier tipo de violencia en los &aacute;mbitos escolares y extendemos el pedido de convivencia mutua dentro de las escuelas, tanto a docente, alumnos y sus familias&rdquo;, se&ntilde;al&oacute; Walter Baccon, del gremio Agmer. Una docente fue atacada por la madre de uno de los alumnos, el lunes por la tarde, [&hellip;]<\/p>\n","protected":false},"author":2,"featured_media":7656,"comment_status":"open","ping_status":"open","sticky":false,"template":"","format":"standard","meta":{"footnotes":""},"categories":[91,4,49],"tags":[52,324,60,3168,434,3169],"class_list":["post-7655","post","type-post","status-publish","format-standard","has-post-thumbnail","hentry","category-gremiales","category-provinciales","category-sociedad","tag-agmer","tag-concepcion-del-uruguay","tag-docente","tag-golpea","tag-madre","tag-walter-baccon"],"_links":{"self":[{"href":"https:\/\/impactodenoticias.com.ar\/index.php?rest_route=\/wp\/v2\/posts\/7655","targetHints":{"allow":["GET"]}}],"collection":[{"href":"https:\/\/impactodenoticias.com.ar\/index.php?rest_route=\/wp\/v2\/posts"}],"about":[{"href":"https:\/\/impactodenoticias.com.ar\/index.php?rest_route=\/wp\/v2\/types\/post"}],"author":[{"embeddable":true,"href":"https:\/\/impactodenoticias.com.ar\/index.php?rest_route=\/wp\/v2\/users\/2"}],"replies":[{"embeddable":true,"href":"https:\/\/impactodenoticias.com.ar\/index.php?rest_route=%2Fwp%2Fv2%2Fcomments&post=7655"}],"version-history":[{"count":1,"href":"https:\/\/impactodenoticias.com.ar\/index.php?rest_route=\/wp\/v2\/posts\/7655\/revisions"}],"predecessor-version":[{"id":7657,"href":"https:\/\/impactodenoticias.com.ar\/index.php?rest_route=\/wp\/v2\/posts\/7655\/revisions\/7657"}],"wp:featuredmedia":[{"embeddable":true,"href":"https:\/\/impactodenoticias.com.ar\/index.php?rest_route=\/wp\/v2\/media\/7656"}],"wp:attachment":[{"href":"https:\/\/impactodenoticias.com.ar\/index.php?rest_route=%2Fwp%2Fv2%2Fmedia&parent=7655"}],"wp:term":[{"taxonomy":"category","embeddable":true,"href":"https:\/\/impactodenoticias.com.ar\/index.php?rest_route=%2Fwp%2Fv2%2Fcategories&post=7655"},{"taxonomy":"post_tag","embeddable":true,"href":"https:\/\/impactodenoticias.com.ar\/index.php?rest_route=%2Fwp%2Fv2%2Ftags&post=7655"}],"curies":[{"name":"wp","href":"https:\/\/api.w.org\/{rel}","templated":true}]}}