{"id":7663,"date":"2024-11-27T11:30:58","date_gmt":"2024-11-27T14:30:58","guid":{"rendered":"https:\/\/impactodenoticias.com.ar\/?p=7663"},"modified":"2024-11-27T11:30:59","modified_gmt":"2024-11-27T14:30:59","slug":"impacto-de-noticias-celebra-los-15-anos-en-el-aire-de-radio-online-parana","status":"publish","type":"post","link":"https:\/\/impactodenoticias.com.ar\/?p=7663","title":{"rendered":"Impacto de Noticias celebra los 15 a\u00f1os en el aire de Radio Online Paran\u00e1"},"content":{"rendered":"\n<p class=\"has-medium-font-size\"><strong>Este 27 de noviembre, Radio Online Paran\u00e1 celebra con orgullo sus 15 a\u00f1os de historia, consolid\u00e1ndose como la primera emisora online de la provincia de Entre R\u00edos.<\/strong><\/p>\n\n\n\n<p>Desde su fundaci\u00f3n en 2009, esta emisora ha superado todas las expectativas, posicion\u00e1ndose como un referente en el \u00e1mbito digital de la comunicaci\u00f3n y alcanzando una audiencia global que trasciende las fronteras.<\/p>\n\n\n\n<p><strong>Una Propuesta \u00danica y Accesible para Todos<\/strong><\/p>\n\n\n\n<p>Desde sus inicios, Radio Online Paran\u00e1 ha sido pionera en el concepto de radio multiplataforma. Su propuesta innovadora permiti\u00f3 a los oyentes no solo escuchar, sino tambi\u00e9n visualizar programas de radio a trav\u00e9s de su plataforma digital, radionlineparana.com. Este modelo ha permitido que la emisora conecte con personas de distintas localidades y pa\u00edses, creando un v\u00ednculo cercano con su audiencia. A lo largo de los a\u00f1os, Radio Online Paran\u00e1 ha evolucionado para adaptarse a las necesidades de su p\u00fablico, ofreciendo una programaci\u00f3n variada y de alta calidad.<\/p>\n\n\n\n<p><\/p>\n\n\n\n<figure class=\"wp-block-image size-large\"><img loading=\"lazy\" decoding=\"async\" width=\"576\" height=\"1024\" src=\"https:\/\/impactodenoticias.com.ar\/wp-content\/uploads\/2024\/11\/3ab58736-7093-4ba3-9c21-f7414a9cbde9-576x1024.jpg\" alt=\"\" class=\"wp-image-7664\" srcset=\"https:\/\/impactodenoticias.com.ar\/wp-content\/uploads\/2024\/11\/3ab58736-7093-4ba3-9c21-f7414a9cbde9-576x1024.jpg 576w, https:\/\/impactodenoticias.com.ar\/wp-content\/uploads\/2024\/11\/3ab58736-7093-4ba3-9c21-f7414a9cbde9-169x300.jpg 169w, https:\/\/impactodenoticias.com.ar\/wp-content\/uploads\/2024\/11\/3ab58736-7093-4ba3-9c21-f7414a9cbde9-768x1365.jpg 768w, https:\/\/impactodenoticias.com.ar\/wp-content\/uploads\/2024\/11\/3ab58736-7093-4ba3-9c21-f7414a9cbde9-864x1536.jpg 864w, https:\/\/impactodenoticias.com.ar\/wp-content\/uploads\/2024\/11\/3ab58736-7093-4ba3-9c21-f7414a9cbde9.jpg 900w\" sizes=\"auto, (max-width: 576px) 100vw, 576px\" \/><\/figure>\n\n\n\n<p><\/p>\n\n\n\n<p>Entre sus programas m\u00e1s populares se encuentran \u00c9xitoso, un magazine que se emite de lunes a viernes a las 19 hs., y Tarde Online y los s\u00e1bados desde las 10 hs s\u00e1bado show, conducido por Diego Cuadra, quien ha conquistado a la audiencia con su m\u00fasica regional, sorteos, entrevistas y una constante interacci\u00f3n con sus oyentes. Adem\u00e1s, la emisora mantiene su presencia en simult\u00e1neo con radios FM de Argentina, Chile, Ecuador, Colombia y Uruguay, ampliando su alcance a trav\u00e9s de las redes sociales Paran\u00e1 Hacia el Mundo y Somos la ciudad de Paran\u00e1.<\/p>\n\n\n\n<p><strong>Reconocimientos Institucionales: Un Hito para la Emisora<\/strong><\/p>\n\n\n\n<p>En reconocimiento a su importante labor en la comunicaci\u00f3n digital, Radio Online Paran\u00e1 ha sido declarada de inter\u00e9s provincial por la C\u00e1mara de Diputados de la Provincia de Entre R\u00edos y de inter\u00e9s nacional por la C\u00e1mara de Diputados de la Naci\u00f3n. Estos galardones destacan el impacto social y cultural que la emisora ha tenido en la regi\u00f3n, reafirmando su rol como un pilar de la comunicaci\u00f3n en l\u00ednea y su contribuci\u00f3n al desarrollo de la provincia.<\/p>\n\n\n\n<p><strong>Innovaci\u00f3n, Educaci\u00f3n y Compromiso Social<\/strong><\/p>\n\n\n\n<p>Radio Online Paran\u00e1 tambi\u00e9n se ha destacado por su fuerte compromiso con la educaci\u00f3n y el desarrollo de las nuevas generaciones. En este marco, se han realizado importantes colaboraciones con instituciones educativas, como la Escuela N\u00b0 12 Provincia del Neuqu\u00e9n, donde se llev\u00f3 a cabo una charla interactiva con los estudiantes de la radio online Voces Neuquinas. Este encuentro permiti\u00f3 a los j\u00f3venes conocer m\u00e1s sobre el trabajo de la emisora y compartir experiencias relacionadas con la radio digital.<\/p>\n\n\n\n<p>Adem\u00e1s, la emisora ha trabajado junto a la Facultad de Ciencias de la Gesti\u00f3n de la UADER, donde los estudiantes presentaron el Plan de Marketing de Radio Online Paran\u00e1 como parte de su formaci\u00f3n en el \u00e1rea. Esta colaboraci\u00f3n refuerza el compromiso de la emisora con la comunidad educativa y el desarrollo de los futuros profesionales de la comunicaci\u00f3n.<\/p>\n\n\n\n<p><strong>Informando al Instante<\/strong><\/p>\n\n\n\n<p>A trav\u00e9s de su portal digital, Radio Online Paran\u00e1 se ha consolidado como una fuente confiable de informaci\u00f3n al instante. Los oyentes pueden acceder a noticias nacionales, internacionales, locales, deportes, espect\u00e1culos y una secci\u00f3n exclusiva para anunciantes, donde se difunden las \u00faltimas novedades en productos y servicios de la regi\u00f3n.<\/p>\n\n\n\n<p><strong>Diego Cuadra: El Motor de Radio Online Paran\u00e1<\/strong><\/p>\n\n\n\n<p>Detr\u00e1s de este exitoso proyecto se encuentra Diego Cuadra, el joven locutor y conductor de 37 a\u00f1os, quien desde su infancia so\u00f1\u00f3 con crear su propia emisora. Con mucho esfuerzo y dedicaci\u00f3n, Cuadra logr\u00f3 materializar este sue\u00f1o, y su visi\u00f3n de la comunicaci\u00f3n digital ha sido clave para el crecimiento de la emisora. Actualmente, Cuadra tambi\u00e9n forma parte de la Comisi\u00f3n Directiva Nacional de la C\u00e1mara Nacional de Radios Online (CADERO), una entidad que agrupa a todas las emisoras online del pa\u00eds, lo que le permite tener una mirada integral sobre la evoluci\u00f3n de este medio.<\/p>\n\n\n\n<p><strong>Cobertura de Eventos y Nuevas Herramientas<\/strong><\/p>\n\n\n\n<p>Uno de los aspectos que distingue a Radio Online Paran\u00e1 es su cobertura en vivo de eventos de la regi\u00f3n. La emisora ha estado presente en exposiciones, conferencias y shows musicales, llevando contenido exclusivo y en tiempo real a sus oyentes. Adem\u00e1s, la emisora ha lanzado recientemente una nueva aplicaci\u00f3n m\u00f3vil, facilitando a sus oyentes disfrutar de su programaci\u00f3n de manera gratuita desde cualquier dispositivo m\u00f3vil. Con esta herramienta, que puede descargarse escaneando el c\u00f3digo QR disponible en su sitio web, Radio Online Paran\u00e1 sigue ampliando su alcance y adapt\u00e1ndose a las nuevas demandas de un p\u00fablico cada vez m\u00e1s digitalizado.<\/p>\n\n\n\n<p><strong>La Voz Digital de Paran\u00e1<\/strong><\/p>\n\n\n\n<p>Con sus estudios ubicados en la ciudad de Paran\u00e1, Entre R\u00edos, Radio Online Paran\u00e1 contin\u00faa marcando la diferencia en el panorama de la comunicaci\u00f3n digital. A trav\u00e9s de su sitio web, redes sociales y la nueva aplicaci\u00f3n m\u00f3vil, se mantiene conectada con su audiencia, demostrando que la radio en l\u00ednea no es solo una tendencia, sino el futuro de la comunicaci\u00f3n.<\/p>\n\n\n\n<p>A 15 a\u00f1os de su creaci\u00f3n, Radio Online Paran\u00e1 sigue siendo La Voz Digital de Entre R\u00edos, un proyecto que sigue evolucionando gracias a la colaboraci\u00f3n con instituciones educativas, empresas, artistas y, por supuesto, con su fiel audiencia. Desde sus humildes comienzos, esta emisora ha logrado transformar la forma en que se escucha la radio, y su compromiso con la innovaci\u00f3n y el crecimiento no muestra se\u00f1ales de detenerse.<\/p>\n\n\n\n<p>En esta ocasi\u00f3n, la emisora aprovecha para agradecer especialmente a su familia, a todos sus oyentes, a los artistas musicales que acompa\u00f1an y a sus patrocinadores, quienes conf\u00edan y apoyan a Radio Online Paran\u00e1. Los invita a seguir sus redes sociales, donde se encuentran como <a href=\"http:\/\/@Radionlineparanaok\">@Radionlineparanaok<\/a>, para continuar compartiendo juntos este camino de crecimiento y conexi\u00f3n.<\/p>\n","protected":false},"excerpt":{"rendered":"<p>Este 27 de noviembre, Radio Online Paran&aacute; celebra con orgullo sus 15 a&ntilde;os de historia, consolid&aacute;ndose como la primera emisora online de la provincia de Entre R&iacute;os. Desde su fundaci&oacute;n en 2009, esta emisora ha superado todas las expectativas, posicion&aacute;ndose como un referente en el &aacute;mbito digital de la comunicaci&oacute;n y alcanzando una audiencia global [&hellip;]<\/p>\n","protected":false},"author":2,"featured_media":7665,"comment_status":"open","ping_status":"open","sticky":false,"template":"","format":"standard","meta":{"footnotes":""},"categories":[3,49],"tags":[3176,1589,95,3175],"class_list":["post-7663","post","type-post","status-publish","format-standard","has-post-thumbnail","hentry","category-locales","category-sociedad","tag-diego-cuadra","tag-festejo","tag-parana","tag-radio-online-parana"],"_links":{"self":[{"href":"https:\/\/impactodenoticias.com.ar\/index.php?rest_route=\/wp\/v2\/posts\/7663","targetHints":{"allow":["GET"]}}],"collection":[{"href":"https:\/\/impactodenoticias.com.ar\/index.php?rest_route=\/wp\/v2\/posts"}],"about":[{"href":"https:\/\/impactodenoticias.com.ar\/index.php?rest_route=\/wp\/v2\/types\/post"}],"author":[{"embeddable":true,"href":"https:\/\/impactodenoticias.com.ar\/index.php?rest_route=\/wp\/v2\/users\/2"}],"replies":[{"embeddable":true,"href":"https:\/\/impactodenoticias.com.ar\/index.php?rest_route=%2Fwp%2Fv2%2Fcomments&post=7663"}],"version-history":[{"count":1,"href":"https:\/\/impactodenoticias.com.ar\/index.php?rest_route=\/wp\/v2\/posts\/7663\/revisions"}],"predecessor-version":[{"id":7666,"href":"https:\/\/impactodenoticias.com.ar\/index.php?rest_route=\/wp\/v2\/posts\/7663\/revisions\/7666"}],"wp:featuredmedia":[{"embeddable":true,"href":"https:\/\/impactodenoticias.com.ar\/index.php?rest_route=\/wp\/v2\/media\/7665"}],"wp:attachment":[{"href":"https:\/\/impactodenoticias.com.ar\/index.php?rest_route=%2Fwp%2Fv2%2Fmedia&parent=7663"}],"wp:term":[{"taxonomy":"category","embeddable":true,"href":"https:\/\/impactodenoticias.com.ar\/index.php?rest_route=%2Fwp%2Fv2%2Fcategories&post=7663"},{"taxonomy":"post_tag","embeddable":true,"href":"https:\/\/impactodenoticias.com.ar\/index.php?rest_route=%2Fwp%2Fv2%2Ftags&post=7663"}],"curies":[{"name":"wp","href":"https:\/\/api.w.org\/{rel}","templated":true}]}}