{"id":7680,"date":"2024-11-27T18:50:42","date_gmt":"2024-11-27T21:50:42","guid":{"rendered":"https:\/\/impactodenoticias.com.ar\/?p=7680"},"modified":"2024-11-28T10:53:19","modified_gmt":"2024-11-28T13:53:19","slug":"roncaglia-mantuvo-una-reunioncon-bullrich-para-hablar-de-narcotrafico-y-ciberdelincuencia","status":"publish","type":"post","link":"https:\/\/impactodenoticias.com.ar\/?p=7680","title":{"rendered":"Roncaglia mantuvo una reuni\u00f3ncon Bullrich para hablar de narcotr\u00e1fico y ciberdelincuencia"},"content":{"rendered":"\n<p class=\"has-medium-font-size\"><strong>Se realiz\u00f3 una nueva reuni\u00f3n del Consejo de Seguridad Interior, encabezado por la ministra de seguridad Patricia Bullrich. Estuvo presente el funcionario provincial.<\/strong><\/p>\n\n\n\n<p>El ministro de Seguridad y Justicia de la provincia de Entre R\u00edos, N\u00e9stor Roncaglia, estuvo presente en una nueva reuni\u00f3n del Consejo de Seguridad Interior que tuvo lugar en Villa La Angostura, Neuqu\u00e9n. Se abordaron acciones conjuntas en materia de lucha contra el narcotr\u00e1fico y la ciberdelincuencia.<\/p>\n\n\n\n<p><\/p>\n\n\n\n<figure class=\"wp-block-image size-full\"><img loading=\"lazy\" decoding=\"async\" width=\"696\" height=\"464\" src=\"https:\/\/impactodenoticias.com.ar\/wp-content\/uploads\/2024\/11\/roncaglia1.webp\" alt=\"\" class=\"wp-image-7681\" srcset=\"https:\/\/impactodenoticias.com.ar\/wp-content\/uploads\/2024\/11\/roncaglia1.webp 696w, https:\/\/impactodenoticias.com.ar\/wp-content\/uploads\/2024\/11\/roncaglia1-300x200.webp 300w\" sizes=\"auto, (max-width: 696px) 100vw, 696px\" \/><\/figure>\n\n\n\n<p><\/p>\n\n\n\n<p>El IV Consejo de este a\u00f1o, que estuvo presidido por la ministra de Seguridad de la Naci\u00f3n, Patricia Bullrich y el secretario ejecutivo del Consejo de Seguridad Interior, Iv\u00e1n Velasco, cont\u00f3 con la participaci\u00f3n de representantes de seguridad de todo el pa\u00eds. El ministro Roncaglia, estuvo presente junto al jefe de Polic\u00eda, Claudio Gonz\u00e1lez.<\/p>\n\n\n\n<p>Durante el encuentro se present\u00f3 el balance anual del Sistema Nacional de Informaci\u00f3n Criminal (SNIC). Tambi\u00f1en se abordaron acciones en materia de lucha contra el narcotr\u00e1fico, la criminalidad organizada, ciberdelitos y asuntos cibern\u00e9ticos.<\/p>\n\n\n\n<p>Las provincias rubricaron convenios con el Ministerio de Seguridad de la Naci\u00f3n para trabajar en conjunto el control de precursores qu\u00edmicos. El acuerdo incluye capacitaciones y asesoramiento t\u00e9cnico, con el fin de prevenir el narcotr\u00e1fico.<\/p>\n","protected":false},"excerpt":{"rendered":"<p>Se realiz&oacute; una nueva reuni&oacute;n del Consejo de Seguridad Interior, encabezado por la ministra de seguridad Patricia Bullrich. Estuvo presente el funcionario provincial. El ministro de Seguridad y Justicia de la provincia de Entre R&iacute;os, N&eacute;stor Roncaglia, estuvo presente en una nueva reuni&oacute;n del Consejo de Seguridad Interior que tuvo lugar en Villa La Angostura, [&hellip;]<\/p>\n","protected":false},"author":2,"featured_media":7682,"comment_status":"open","ping_status":"open","sticky":false,"template":"","format":"standard","meta":{"footnotes":""},"categories":[11,4],"tags":[1408,937,489,278,536,3183],"class_list":["post-7680","post","type-post","status-publish","format-standard","has-post-thumbnail","hentry","category-politica","category-provinciales","tag-consejo","tag-interior","tag-nestor-roncaglia","tag-patricia-bullrich","tag-seguridad","tag-villa-la-angostura"],"_links":{"self":[{"href":"https:\/\/impactodenoticias.com.ar\/index.php?rest_route=\/wp\/v2\/posts\/7680","targetHints":{"allow":["GET"]}}],"collection":[{"href":"https:\/\/impactodenoticias.com.ar\/index.php?rest_route=\/wp\/v2\/posts"}],"about":[{"href":"https:\/\/impactodenoticias.com.ar\/index.php?rest_route=\/wp\/v2\/types\/post"}],"author":[{"embeddable":true,"href":"https:\/\/impactodenoticias.com.ar\/index.php?rest_route=\/wp\/v2\/users\/2"}],"replies":[{"embeddable":true,"href":"https:\/\/impactodenoticias.com.ar\/index.php?rest_route=%2Fwp%2Fv2%2Fcomments&post=7680"}],"version-history":[{"count":2,"href":"https:\/\/impactodenoticias.com.ar\/index.php?rest_route=\/wp\/v2\/posts\/7680\/revisions"}],"predecessor-version":[{"id":7685,"href":"https:\/\/impactodenoticias.com.ar\/index.php?rest_route=\/wp\/v2\/posts\/7680\/revisions\/7685"}],"wp:featuredmedia":[{"embeddable":true,"href":"https:\/\/impactodenoticias.com.ar\/index.php?rest_route=\/wp\/v2\/media\/7682"}],"wp:attachment":[{"href":"https:\/\/impactodenoticias.com.ar\/index.php?rest_route=%2Fwp%2Fv2%2Fmedia&parent=7680"}],"wp:term":[{"taxonomy":"category","embeddable":true,"href":"https:\/\/impactodenoticias.com.ar\/index.php?rest_route=%2Fwp%2Fv2%2Fcategories&post=7680"},{"taxonomy":"post_tag","embeddable":true,"href":"https:\/\/impactodenoticias.com.ar\/index.php?rest_route=%2Fwp%2Fv2%2Ftags&post=7680"}],"curies":[{"name":"wp","href":"https:\/\/api.w.org\/{rel}","templated":true}]}}