{"id":7739,"date":"2024-11-28T13:12:25","date_gmt":"2024-11-28T16:12:25","guid":{"rendered":"https:\/\/impactodenoticias.com.ar\/?p=7739"},"modified":"2024-11-29T10:00:03","modified_gmt":"2024-11-29T13:00:03","slug":"hondo-pesar-en-entre-rios-por-la-muerte-de-un-joven-dt","status":"publish","type":"post","link":"https:\/\/impactodenoticias.com.ar\/?p=7739","title":{"rendered":"Hondo pesar en Entre R\u00edos por la muerte de un joven DT"},"content":{"rendered":"\n<h3 class=\"wp-block-heading\">El entrenador hab\u00eda ascendido a su equipo de f\u00fatbol d\u00edas atr\u00e1s. Se trata de Enzo Goya.<\/h3>\n\n\n\n<p>Del festejo total a la tristeza repentina han pasado Colonia Ayu\u00ed, una localidad del interior del Departamento Concordia.<\/p>\n\n\n\n<p>El DT Enzo Goya muri\u00f3 en las \u00faltimas horas, luego de padecer problemas coronarios. Ten\u00eda alrededor de 40 a\u00f1os y, hasta hace apenas 10 d\u00edas, hab\u00eda estado dirigiendo t\u00e1cticamente a 9 de Julio de Colonia Ayu\u00ed.<\/p>\n\n\n\n<p>Cabe recordar que, el \u00faltimo 18 de noviembre, 9 de Julio hab\u00eda logrado ascender a la Primera Divisi\u00f3n (tras 3 a\u00f1os en Segunda) de la Liga Concordiense de F\u00fatbol tras superar 3 a 0 a Ferrocarril de Concordia, en la Promoci\u00f3n.<\/p>\n\n\n\n<p>Goya viv\u00eda con su familia en Colonia Ayu\u00ed, donde adem\u00e1s hab\u00eda sido jugador del club que actualmente entrenaba.<\/p>\n\n\n\n<p><\/p>\n\n\n\n<figure class=\"wp-block-image size-full\"><img loading=\"lazy\" decoding=\"async\" width=\"512\" height=\"640\" src=\"https:\/\/impactodenoticias.com.ar\/wp-content\/uploads\/2024\/11\/image-18-9.webp\" alt=\"\" class=\"wp-image-7740\" srcset=\"https:\/\/impactodenoticias.com.ar\/wp-content\/uploads\/2024\/11\/image-18-9.webp 512w, https:\/\/impactodenoticias.com.ar\/wp-content\/uploads\/2024\/11\/image-18-9-240x300.webp 240w\" sizes=\"auto, (max-width: 512px) 100vw, 512px\" \/><\/figure>\n","protected":false},"excerpt":{"rendered":"<p>El entrenador hab&iacute;a ascendido a su equipo de f&uacute;tbol d&iacute;as atr&aacute;s. Se trata de Enzo Goya. Del festejo total a la tristeza repentina han pasado Colonia Ayu&iacute;, una localidad del interior del Departamento Concordia. El DT Enzo Goya muri&oacute; en las &uacute;ltimas horas, luego de padecer problemas coronarios. Ten&iacute;a alrededor de 40 a&ntilde;os y, hasta [&hellip;]<\/p>\n","protected":false},"author":2,"featured_media":7741,"comment_status":"open","ping_status":"open","sticky":false,"template":"","format":"standard","meta":{"footnotes":""},"categories":[7,4],"tags":[259,839,3212,124,3213],"class_list":["post-7739","post","type-post","status-publish","format-standard","has-post-thumbnail","hentry","category-deportes","category-provinciales","tag-9-de-julio","tag-colonia-ayui","tag-enzo-goya","tag-fallecimiento","tag-liga-concordiense-de-futbol"],"_links":{"self":[{"href":"https:\/\/impactodenoticias.com.ar\/index.php?rest_route=\/wp\/v2\/posts\/7739","targetHints":{"allow":["GET"]}}],"collection":[{"href":"https:\/\/impactodenoticias.com.ar\/index.php?rest_route=\/wp\/v2\/posts"}],"about":[{"href":"https:\/\/impactodenoticias.com.ar\/index.php?rest_route=\/wp\/v2\/types\/post"}],"author":[{"embeddable":true,"href":"https:\/\/impactodenoticias.com.ar\/index.php?rest_route=\/wp\/v2\/users\/2"}],"replies":[{"embeddable":true,"href":"https:\/\/impactodenoticias.com.ar\/index.php?rest_route=%2Fwp%2Fv2%2Fcomments&post=7739"}],"version-history":[{"count":1,"href":"https:\/\/impactodenoticias.com.ar\/index.php?rest_route=\/wp\/v2\/posts\/7739\/revisions"}],"predecessor-version":[{"id":7742,"href":"https:\/\/impactodenoticias.com.ar\/index.php?rest_route=\/wp\/v2\/posts\/7739\/revisions\/7742"}],"wp:featuredmedia":[{"embeddable":true,"href":"https:\/\/impactodenoticias.com.ar\/index.php?rest_route=\/wp\/v2\/media\/7741"}],"wp:attachment":[{"href":"https:\/\/impactodenoticias.com.ar\/index.php?rest_route=%2Fwp%2Fv2%2Fmedia&parent=7739"}],"wp:term":[{"taxonomy":"category","embeddable":true,"href":"https:\/\/impactodenoticias.com.ar\/index.php?rest_route=%2Fwp%2Fv2%2Fcategories&post=7739"},{"taxonomy":"post_tag","embeddable":true,"href":"https:\/\/impactodenoticias.com.ar\/index.php?rest_route=%2Fwp%2Fv2%2Ftags&post=7739"}],"curies":[{"name":"wp","href":"https:\/\/api.w.org\/{rel}","templated":true}]}}