{"id":7746,"date":"2024-11-28T16:35:54","date_gmt":"2024-11-28T19:35:54","guid":{"rendered":"https:\/\/impactodenoticias.com.ar\/?p=7746"},"modified":"2024-11-29T09:59:46","modified_gmt":"2024-11-29T12:59:46","slug":"parana-organizaciones-sociales-quemaron-cubiertas-exigiendo-la-entrega-de-alimentos","status":"publish","type":"post","link":"https:\/\/impactodenoticias.com.ar\/?p=7746","title":{"rendered":"Paran\u00e1: organizaciones sociales quemaron cubiertas exigiendo la entrega de alimentos"},"content":{"rendered":"\n<p class=\"has-medium-font-size\"><strong>Organizaciones sociales se manifestaron y quemaron cubiertas frente a Desarrollo Humano en Paran\u00e1 pidiendo la entrega inmediata de alimentos para comedores y merenderos barriales.<\/strong><\/p>\n\n\n\n<p>Organizaciones sociales se movilizaron este jueves en Paran\u00e1 para exigir la entrega de alimentos destinados a comedores y merenderos barriales. La protesta, se inici\u00f3 alrededor del mediod\u00eda, se di\u00f3 frente a la subsecretar\u00eda municipal de Desarrollo Humano -sobre calle Col\u00f3n 521- e incluy\u00f3 la quema de cubiertas para visibilizar su reclamo.<\/p>\n\n\n\n<p><\/p>\n\n\n\n<figure class=\"wp-block-image size-full\"><img loading=\"lazy\" decoding=\"async\" width=\"353\" height=\"417\" src=\"https:\/\/impactodenoticias.com.ar\/wp-content\/uploads\/2024\/11\/scrnli_2WS55ji87PQFBe-1.png\" alt=\"\" class=\"wp-image-7747\" srcset=\"https:\/\/impactodenoticias.com.ar\/wp-content\/uploads\/2024\/11\/scrnli_2WS55ji87PQFBe-1.png 353w, https:\/\/impactodenoticias.com.ar\/wp-content\/uploads\/2024\/11\/scrnli_2WS55ji87PQFBe-1-254x300.png 254w\" sizes=\"auto, (max-width: 353px) 100vw, 353px\" \/><\/figure>\n\n\n\n<p><\/p>\n\n\n\n<p>Los organizadores de la protesta manifestaron que requieren asistencia alimentaria para cubrir las necesidades b\u00e1sicas de las familias que dependen de los comedores y merenderos comunitarios; y exigieron a las autoridades municipales que brinden respuestas a la situaci\u00f3n de emergencia que atraviesan los sectores vulnerables.<\/p>\n\n\n\n<p>El subsecretario municipal de Desarrollo Humano, Pablo Ayala, se\u00f1al\u00f3 que los manifestantes, en la protesta, presentaron un petitorio aduciendo el abastecimiento a merenderos. No obstante, aclar\u00f3 que \u201cno se trat\u00f3 de una organizaci\u00f3n social, sino de un grupo de personas que, con total legitimidad, puede presentar un petitorio ante funcionarios p\u00fablicos que debemos conversar ante la demanda de la ciudadan\u00eda\u201d.<\/p>\n\n\n\n<p>\u201cLos manifestantes destacaron en los m\u00f3dulos alimentarios que el municipio brinda a diario, en calle Col\u00f3n 521, y sin intermediarios\u201d, mencion\u00f3 Ayala y subray\u00f3 que dicha entrega \u201ces solo con el DNI de la persona\u201d.<\/p>\n\n\n\n<p>\u201cNo deber\u00eda haber intermediarios entre quienes asisten a retirar los m\u00f3dulos alimentarios\u201d, indic\u00f3 el subsecretario municipal de Desarrollo Humano.<\/p>\n\n\n\n<p>Y agreg\u00f3 que la gesti\u00f3n municipal \u201cno congenia con el reclamo porque hay un di\u00e1logo permanente con todas las organizaciones sociales y con muchas personas que no pertenecen a quienes llevan adelante merenderos y comedores\u201d.<\/p>\n\n\n\n<p>\u201cLa municipalidad asiste a 140 merenderos y 50 comedores comunitarios\u201d, precis\u00f3 Ayala y ponder\u00f3 que se trata de \u201cuna tarea invaluable que respetamos d\u00eda a d\u00eda\u201d. Y a\u00f1adi\u00f3 que se firm\u00f3 un convenio con el Banco de Alimentos \u201cpara que las organizaciones puedan recibir m\u00e1s alimentos y de mejor calidad\u201d.<\/p>\n\n\n\n<p>\u201cSomos lo m\u00e1s transparentes posibles y no medimos la asistencia alimentaria por el signo pol\u00edtico\u201d, concluy\u00f3 el subsecretario municipal.<\/p>\n","protected":false},"excerpt":{"rendered":"<p>Organizaciones sociales se manifestaron y quemaron cubiertas frente a Desarrollo Humano en Paran&aacute; pidiendo la entrega inmediata de alimentos para comedores y merenderos barriales. Organizaciones sociales se movilizaron este jueves en Paran&aacute; para exigir la entrega de alimentos destinados a comedores y merenderos barriales. La protesta, se inici&oacute; alrededor del mediod&iacute;a, se di&oacute; frente a [&hellip;]<\/p>\n","protected":false},"author":2,"featured_media":7748,"comment_status":"open","ping_status":"open","sticky":false,"template":"","format":"standard","meta":{"footnotes":""},"categories":[3,1902,8,49],"tags":[1268,1345,1245,2757,102,3214,2741,95],"class_list":["post-7746","post","type-post","status-publish","format-standard","has-post-thumbnail","hentry","category-locales","category-municipales","category-policiales","category-sociedad","tag-alimentos","tag-desarrollo-humano","tag-entrega","tag-exigen","tag-municipalidad","tag-organizaciones-sociales","tag-pablo-ayala","tag-parana"],"_links":{"self":[{"href":"https:\/\/impactodenoticias.com.ar\/index.php?rest_route=\/wp\/v2\/posts\/7746","targetHints":{"allow":["GET"]}}],"collection":[{"href":"https:\/\/impactodenoticias.com.ar\/index.php?rest_route=\/wp\/v2\/posts"}],"about":[{"href":"https:\/\/impactodenoticias.com.ar\/index.php?rest_route=\/wp\/v2\/types\/post"}],"author":[{"embeddable":true,"href":"https:\/\/impactodenoticias.com.ar\/index.php?rest_route=\/wp\/v2\/users\/2"}],"replies":[{"embeddable":true,"href":"https:\/\/impactodenoticias.com.ar\/index.php?rest_route=%2Fwp%2Fv2%2Fcomments&post=7746"}],"version-history":[{"count":1,"href":"https:\/\/impactodenoticias.com.ar\/index.php?rest_route=\/wp\/v2\/posts\/7746\/revisions"}],"predecessor-version":[{"id":7749,"href":"https:\/\/impactodenoticias.com.ar\/index.php?rest_route=\/wp\/v2\/posts\/7746\/revisions\/7749"}],"wp:featuredmedia":[{"embeddable":true,"href":"https:\/\/impactodenoticias.com.ar\/index.php?rest_route=\/wp\/v2\/media\/7748"}],"wp:attachment":[{"href":"https:\/\/impactodenoticias.com.ar\/index.php?rest_route=%2Fwp%2Fv2%2Fmedia&parent=7746"}],"wp:term":[{"taxonomy":"category","embeddable":true,"href":"https:\/\/impactodenoticias.com.ar\/index.php?rest_route=%2Fwp%2Fv2%2Fcategories&post=7746"},{"taxonomy":"post_tag","embeddable":true,"href":"https:\/\/impactodenoticias.com.ar\/index.php?rest_route=%2Fwp%2Fv2%2Ftags&post=7746"}],"curies":[{"name":"wp","href":"https:\/\/api.w.org\/{rel}","templated":true}]}}