{"id":7750,"date":"2024-11-28T19:23:14","date_gmt":"2024-11-28T22:23:14","guid":{"rendered":"https:\/\/impactodenoticias.com.ar\/?p=7750"},"modified":"2024-11-29T09:59:25","modified_gmt":"2024-11-29T12:59:25","slug":"el-planteo-para-debatir-la-salida-de-pedro-baez-de-la-unidad-penal-de-parana-sera-tratado-en-ocho-dias","status":"publish","type":"post","link":"https:\/\/impactodenoticias.com.ar\/?p=7750","title":{"rendered":"El planteo para debatir la salida de Pedro B\u00e1ez de la Unidad Penal de Paran\u00e1 ser\u00e1 tratado en ocho d\u00edas"},"content":{"rendered":"\n<h3 class=\"wp-block-heading\">La Oficina de Gesti\u00f3n de Audiencias (OGA) fij\u00f3 fecha para el 6 de diciembre a las 9.30, para discutir el recurso de casaci\u00f3n presentado por la defensa del exfuncionario condenado a seis a\u00f1os y medio de prisi\u00f3n.<\/h3>\n\n\n\n<p>Por ahora el exministro de Comunicaci\u00f3n y Cultura del gobierno de Sergio Urribarri, Pedro B\u00e1ez continuar\u00e1 detenido en la Unidad Penal Nro 1 de Paran\u00e1. Este jueves se dio a conocer que la Oficina de Gesti\u00f3n de Audiencias (OGA), reci\u00e9n fij\u00f3 fecha para el 6 de diciembre a las 9.30, para discutir el recurso de casaci\u00f3n presentado por la defensa del exfuncionario condenado a seis a\u00f1os y medio de prisi\u00f3n. Ese d\u00eda los defensores expondr\u00e1n sus quejas ante la C\u00e1mara de Casaci\u00f3n contra la medida de prisi\u00f3n preventiva dictada por un Tribunal de Juicios y Apelaciones el viernes 22.<\/p>\n\n\n\n<p>B\u00e1ez se encuentra detenido en la misma celda junto a Urribarri y Juan Pablo Aguilera, cu\u00f1ado del exmandatario provincial entre 2007 y 2015.<\/p>\n\n\n\n<p>La resoluci\u00f3n de la OGA se\u00f1ala: \u201cNotif\u00edquese al encartado, quien se encuentra en la Unidad Penal N\u00b01, a los fines de que manifieste si interesa su comparecencia personal a la audiencia o su participaci\u00f3n por conexi\u00f3n remota, o exprese su desinter\u00e9s por participar personalmente del acto\u201d.<\/p>\n\n\n\n<p>Cabe recordar que Pedro B\u00e1ez fue condenado en el marco del \u201cmegajuicio por corrupci\u00f3n\u201d junto a Urribarri y Aguilera. Esa sentencia se produjo el 7 de abril de 2022 y atraves\u00f3 distintas instancias de apelaci\u00f3n. Fue confirmada el a\u00f1o pasado en Casaci\u00f3n y lleg\u00f3 al STJ.<\/p>\n\n\n\n<p>En abril de este a\u00f1o, el m\u00e1ximo tribunal penal rechaz\u00f3 una impugnaci\u00f3n extraordinaria. Los fiscales que estuvieron al frente de las cinco causas acumuladas por negociaciones incompatibles, peculado y fraude, comenzaron a pedir que los tres principales condenados cumplan prisiones preventivas en la Unidad Penal.<\/p>\n\n\n\n<p>Esa discusi\u00f3n demor\u00f3 en darse debido a la cantidad de postergaciones, apelaciones y recusaciones que fueron presentando los letrados defensores.<\/p>\n\n\n\n<p>Finalmente, en agosto se llev\u00f3 a cabo la audiencia. Los fiscales reclamaron a este tribunal que aplique prisiones preventivas a los tres y los env\u00ede a la c\u00e1rcel. Eso no ocurri\u00f3, en aquella oportunidad, con voto dividido; los jueces decidieron s\u00f3lo aplicarle restricciones a la libertad. Ese fallo fue apelado por los fiscales.<\/p>\n\n\n\n<p>En Casaci\u00f3n, el tribunal revirti\u00f3 la decisi\u00f3n de los jueces inferiores y orden\u00f3 la inmediata detenci\u00f3n de Urribarri y Aguilera. B\u00e1ez hab\u00eda quedado afuera. Cuando eso ocurri\u00f3, los fiscales volvieron al Tribunal de Juicios y Apelaciones y manifestaron que los riesgos evaluados por Casaci\u00f3n para ordenar la detenci\u00f3n de Urribarri y Aguilera son aplicables a B\u00e1ez. Finalmente, as\u00ed lo entendi\u00f3 el Tribunal el viernes pasado, con votaci\u00f3n dividida.<\/p>\n\n\n\n<p>Ahora los abogados de B\u00e1ez, Jos\u00e9 Vel\u00e1zquez e Ignacio D\u00edaz, pedir\u00e1n la salida del exlegislador provincial de la c\u00e1rcel y que en forma subsidiaria se le imponga un arresto preventivo domiciliario bajo monitoreo electr\u00f3nico. Esta salida alternativa al encierro carcelario ya hab\u00eda sido propuesta por los abogados, pero no prosper\u00f3, ya que Elvio Garz\u00f3n y Juli\u00e1n Vergara votaron por la detenci\u00f3n en la Unidad Penal.<\/p>\n\n\n\n<p>La detenci\u00f3n de B\u00e1ez se da porque los fiscales entienden que hay peligro de fuga. Si bien la condena dictada en 2022 ya fue revisada en todas las instancias provinciales, a\u00fan queda la revisi\u00f3n de la Corte Suprema de Justicia.<\/p>\n","protected":false},"excerpt":{"rendered":"<p>La Oficina de Gesti&oacute;n de Audiencias (OGA) fij&oacute; fecha para el 6 de diciembre a las 9.30, para discutir el recurso de casaci&oacute;n presentado por la defensa del exfuncionario condenado a seis a&ntilde;os y medio de prisi&oacute;n. Por ahora el exministro de Comunicaci&oacute;n y Cultura del gobierno de Sergio Urribarri, Pedro B&aacute;ez continuar&aacute; detenido en [&hellip;]<\/p>\n","protected":false},"author":2,"featured_media":0,"comment_status":"open","ping_status":"open","sticky":false,"template":"","format":"standard","meta":{"footnotes":""},"categories":[90,4],"tags":[175,3215,95,3122],"class_list":["post-7750","post","type-post","status-publish","format-standard","hentry","category-judicial","category-provinciales","tag-detenido","tag-padro-baez","tag-parana","tag-unidad-penal"],"_links":{"self":[{"href":"https:\/\/impactodenoticias.com.ar\/index.php?rest_route=\/wp\/v2\/posts\/7750","targetHints":{"allow":["GET"]}}],"collection":[{"href":"https:\/\/impactodenoticias.com.ar\/index.php?rest_route=\/wp\/v2\/posts"}],"about":[{"href":"https:\/\/impactodenoticias.com.ar\/index.php?rest_route=\/wp\/v2\/types\/post"}],"author":[{"embeddable":true,"href":"https:\/\/impactodenoticias.com.ar\/index.php?rest_route=\/wp\/v2\/users\/2"}],"replies":[{"embeddable":true,"href":"https:\/\/impactodenoticias.com.ar\/index.php?rest_route=%2Fwp%2Fv2%2Fcomments&post=7750"}],"version-history":[{"count":1,"href":"https:\/\/impactodenoticias.com.ar\/index.php?rest_route=\/wp\/v2\/posts\/7750\/revisions"}],"predecessor-version":[{"id":7751,"href":"https:\/\/impactodenoticias.com.ar\/index.php?rest_route=\/wp\/v2\/posts\/7750\/revisions\/7751"}],"wp:attachment":[{"href":"https:\/\/impactodenoticias.com.ar\/index.php?rest_route=%2Fwp%2Fv2%2Fmedia&parent=7750"}],"wp:term":[{"taxonomy":"category","embeddable":true,"href":"https:\/\/impactodenoticias.com.ar\/index.php?rest_route=%2Fwp%2Fv2%2Fcategories&post=7750"},{"taxonomy":"post_tag","embeddable":true,"href":"https:\/\/impactodenoticias.com.ar\/index.php?rest_route=%2Fwp%2Fv2%2Ftags&post=7750"}],"curies":[{"name":"wp","href":"https:\/\/api.w.org\/{rel}","templated":true}]}}