{"id":7849,"date":"2024-11-30T20:37:01","date_gmt":"2024-11-30T23:37:01","guid":{"rendered":"https:\/\/impactodenoticias.com.ar\/?p=7849"},"modified":"2024-11-30T20:37:02","modified_gmt":"2024-11-30T23:37:02","slug":"hallaron-el-cuerpo-de-un-joven-en-una-playa-en-el-rio-gualeguaychu","status":"publish","type":"post","link":"https:\/\/impactodenoticias.com.ar\/?p=7849","title":{"rendered":"Hallaron el cuerpo de un joven en una playa en el r\u00edo Gualeguaych\u00fa"},"content":{"rendered":"\n<h3 class=\"wp-block-heading\">Las autoridades investigan la muerte de un joven que fue hallado sin vida en cercan\u00edas de un conocido balneario de la zona.<\/h3>\n\n\n\n<p>Encontraron el cuerpo de un joven cerca de la playa Solar del Este en el r\u00edo Gualeguaych\u00fa. Investigan las causas del deceso.<\/p>\n\n\n\n<p>La Polic\u00eda descart\u00f3 que el fallecimiento del joven de unos 25 a\u00f1os tuviera relaci\u00f3n con el incendio que ocurri\u00f3 en la zona de Playa Papaya y que afect\u00f3 a varias embarcaciones y dej\u00f3 a una persona grave en el Hospital.<\/p>\n\n\n\n<p>Por el momento no se pudo determinar la causa de la muerte que reci\u00e9n se conocer\u00e1 cuando se practique la autopsia el lunes en Concepci\u00f3n del Uruguay.<\/p>\n","protected":false},"excerpt":{"rendered":"<p>Las autoridades investigan la muerte de un joven que fue hallado sin vida en cercan&iacute;as de un conocido balneario de la zona. Encontraron el cuerpo de un joven cerca de la playa Solar del Este en el r&iacute;o Gualeguaych&uacute;. Investigan las causas del deceso. La Polic&iacute;a descart&oacute; que el fallecimiento del joven de unos 25 [&hellip;]<\/p>\n","protected":false},"author":2,"featured_media":7850,"comment_status":"open","ping_status":"open","sticky":false,"template":"","format":"standard","meta":{"footnotes":""},"categories":[8,4],"tags":[260,280,3248,3250],"class_list":["post-7849","post","type-post","status-publish","format-standard","has-post-thumbnail","hentry","category-policiales","category-provinciales","tag-cuerpo","tag-gualeguaychu","tag-playa","tag-solar-del-este"],"_links":{"self":[{"href":"https:\/\/impactodenoticias.com.ar\/index.php?rest_route=\/wp\/v2\/posts\/7849","targetHints":{"allow":["GET"]}}],"collection":[{"href":"https:\/\/impactodenoticias.com.ar\/index.php?rest_route=\/wp\/v2\/posts"}],"about":[{"href":"https:\/\/impactodenoticias.com.ar\/index.php?rest_route=\/wp\/v2\/types\/post"}],"author":[{"embeddable":true,"href":"https:\/\/impactodenoticias.com.ar\/index.php?rest_route=\/wp\/v2\/users\/2"}],"replies":[{"embeddable":true,"href":"https:\/\/impactodenoticias.com.ar\/index.php?rest_route=%2Fwp%2Fv2%2Fcomments&post=7849"}],"version-history":[{"count":1,"href":"https:\/\/impactodenoticias.com.ar\/index.php?rest_route=\/wp\/v2\/posts\/7849\/revisions"}],"predecessor-version":[{"id":7851,"href":"https:\/\/impactodenoticias.com.ar\/index.php?rest_route=\/wp\/v2\/posts\/7849\/revisions\/7851"}],"wp:featuredmedia":[{"embeddable":true,"href":"https:\/\/impactodenoticias.com.ar\/index.php?rest_route=\/wp\/v2\/media\/7850"}],"wp:attachment":[{"href":"https:\/\/impactodenoticias.com.ar\/index.php?rest_route=%2Fwp%2Fv2%2Fmedia&parent=7849"}],"wp:term":[{"taxonomy":"category","embeddable":true,"href":"https:\/\/impactodenoticias.com.ar\/index.php?rest_route=%2Fwp%2Fv2%2Fcategories&post=7849"},{"taxonomy":"post_tag","embeddable":true,"href":"https:\/\/impactodenoticias.com.ar\/index.php?rest_route=%2Fwp%2Fv2%2Ftags&post=7849"}],"curies":[{"name":"wp","href":"https:\/\/api.w.org\/{rel}","templated":true}]}}