{"id":7866,"date":"2024-12-01T15:31:04","date_gmt":"2024-12-01T18:31:04","guid":{"rendered":"https:\/\/impactodenoticias.com.ar\/?p=7866"},"modified":"2024-12-02T11:15:30","modified_gmt":"2024-12-02T14:15:30","slug":"murio-marcelo-milano-en-horas-del-mediodia-el-dirigente-radical-marcelo-milano-fallecio-este-mediodia","status":"publish","type":"post","link":"https:\/\/impactodenoticias.com.ar\/?p=7866","title":{"rendered":"Muri\u00f3 Marcelo Milano en horas del mediod\u00eda"},"content":{"rendered":"\n<h3 class=\"wp-block-heading\">El exconcejal radical Marcelo Milano falleci\u00f3 este mediod\u00eda en la ciudad de Paran\u00e1, tras batallar durante varios meses contra una cruel enfermedad.<\/h3>\n\n\n\n<p>Milano, de 56 a\u00f1os, fue presidente de la Juventud Radical de Paran\u00e1 a principios de los &#8217;90, exempleado ferroviario; adem\u00e1s estuvo al frente de la Direcci\u00f3n General de Rentas en el \u00faltimo gobierno de Sergio Montiel y fue concejal.<\/p>\n\n\n\n<p>En la gesti\u00f3n de Rogelio Frigerio pas\u00f3 a ser funcionario del Ente Provincial Regulador de la Energ\u00eda de esta provincia. Sus restos ser\u00e1n velados en la sede de SASFER desde esta tarde. Seg\u00fan informaci\u00f3n que recibi\u00f3 este medio.<\/p>\n\n\n\n<p>Noticia en desarrollo\u2026<\/p>\n","protected":false},"excerpt":{"rendered":"<p>El exconcejal radical Marcelo Milano falleci&oacute; este mediod&iacute;a en la ciudad de Paran&aacute;, tras batallar durante varios meses contra una cruel enfermedad. Milano, de 56 a&ntilde;os, fue presidente de la Juventud Radical de Paran&aacute; a principios de los &rsquo;90, exempleado ferroviario; adem&aacute;s estuvo al frente de la Direcci&oacute;n General de Rentas en el &uacute;ltimo gobierno [&hellip;]<\/p>\n","protected":false},"author":2,"featured_media":7867,"comment_status":"open","ping_status":"open","sticky":false,"template":"","format":"standard","meta":{"footnotes":""},"categories":[3,11],"tags":[3256,369,3257],"class_list":["post-7866","post","type-post","status-publish","format-standard","has-post-thumbnail","hentry","category-locales","category-politica","tag-marcelo-milano","tag-muerte","tag-radical"],"_links":{"self":[{"href":"https:\/\/impactodenoticias.com.ar\/index.php?rest_route=\/wp\/v2\/posts\/7866","targetHints":{"allow":["GET"]}}],"collection":[{"href":"https:\/\/impactodenoticias.com.ar\/index.php?rest_route=\/wp\/v2\/posts"}],"about":[{"href":"https:\/\/impactodenoticias.com.ar\/index.php?rest_route=\/wp\/v2\/types\/post"}],"author":[{"embeddable":true,"href":"https:\/\/impactodenoticias.com.ar\/index.php?rest_route=\/wp\/v2\/users\/2"}],"replies":[{"embeddable":true,"href":"https:\/\/impactodenoticias.com.ar\/index.php?rest_route=%2Fwp%2Fv2%2Fcomments&post=7866"}],"version-history":[{"count":4,"href":"https:\/\/impactodenoticias.com.ar\/index.php?rest_route=\/wp\/v2\/posts\/7866\/revisions"}],"predecessor-version":[{"id":7871,"href":"https:\/\/impactodenoticias.com.ar\/index.php?rest_route=\/wp\/v2\/posts\/7866\/revisions\/7871"}],"wp:featuredmedia":[{"embeddable":true,"href":"https:\/\/impactodenoticias.com.ar\/index.php?rest_route=\/wp\/v2\/media\/7867"}],"wp:attachment":[{"href":"https:\/\/impactodenoticias.com.ar\/index.php?rest_route=%2Fwp%2Fv2%2Fmedia&parent=7866"}],"wp:term":[{"taxonomy":"category","embeddable":true,"href":"https:\/\/impactodenoticias.com.ar\/index.php?rest_route=%2Fwp%2Fv2%2Fcategories&post=7866"},{"taxonomy":"post_tag","embeddable":true,"href":"https:\/\/impactodenoticias.com.ar\/index.php?rest_route=%2Fwp%2Fv2%2Ftags&post=7866"}],"curies":[{"name":"wp","href":"https:\/\/api.w.org\/{rel}","templated":true}]}}