{"id":7881,"date":"2024-12-02T09:17:55","date_gmt":"2024-12-02T12:17:55","guid":{"rendered":"https:\/\/impactodenoticias.com.ar\/?p=7881"},"modified":"2024-12-03T09:42:20","modified_gmt":"2024-12-03T12:42:20","slug":"clima-en-entre-rios-se-espera-buen-tiempo-durante-la-jornada-de-lunes-en-la-provincia","status":"publish","type":"post","link":"https:\/\/impactodenoticias.com.ar\/?p=7881","title":{"rendered":"Clima en Entre R\u00edos: se espera buen tiempo durante la jornada de lunes en la provincia"},"content":{"rendered":"\n<h3 class=\"wp-block-heading\">Luego de un fin de semana con clima inestable, este lunes mejoraron las condiciones del tiempo. Se incrementar\u00e1n las temperaturas con el correr de los d\u00edas.<\/h3>\n\n\n\n<p>Mejoran las condiciones del clima este lunes en Entre R\u00edos, tras un fin de semana inestable. Para la jornada de hoy se espera mayor protagonismo del sol, con algunas nubes y temperaturas m\u00ednimas de 13 a 15 grados y m\u00e1ximas de entre 23 y 26 grados.<\/p>\n\n\n\n<p>El Servicio Meteorol\u00f3gico Nacional \u2013SMN\u2013 informa que el buen clima se mantendr\u00e1 durante toda la semana, con aumento progresivo de las temperaturas. El d\u00eda m\u00e1s caluroso ser\u00eda el jueves, con m\u00e1ximas de hasta 32 grados.<\/p>\n\n\n\n<p>No hay anuncio de lluvias para los pr\u00f3ximos d\u00edas. Se pronostican d\u00edas agradables, con nubosidad variable, sin inestabilidades pronosticadas en la provincia.<\/p>\n\n\n\n<p><\/p>\n\n\n\n<figure class=\"wp-block-image size-full\"><img loading=\"lazy\" decoding=\"async\" width=\"679\" height=\"557\" src=\"https:\/\/impactodenoticias.com.ar\/wp-content\/uploads\/2024\/12\/scrnli_mRxPju86vZn8gj.png\" alt=\"\" class=\"wp-image-7882\" srcset=\"https:\/\/impactodenoticias.com.ar\/wp-content\/uploads\/2024\/12\/scrnli_mRxPju86vZn8gj.png 679w, https:\/\/impactodenoticias.com.ar\/wp-content\/uploads\/2024\/12\/scrnli_mRxPju86vZn8gj-300x246.png 300w\" sizes=\"auto, (max-width: 679px) 100vw, 679px\" \/><\/figure>\n\n\n\n<p><\/p>\n\n\n\n<p>En Paran\u00e1, La Paz, Diamante, Nogoy\u00e1 y Villaguay se esperan 14 grados de m\u00ednima y 26 grados de m\u00e1xima, con cielo parcialmente nublado.<\/p>\n\n\n\n<p>Mientras que en Concordia, Federal, Feliciano, Federaci\u00f3n y San Salvador pronostican 15 grados de m\u00ednima y 26 grados de m\u00e1xima, con cielo parcialmente nublado.<\/p>\n\n\n\n<p>En Uruguay, Gualeguaych\u00fa, Tala, Col\u00f3n e Islas del Ibicuy la jornada de hoy se inicia con 13 grados de m\u00ednima y 23 grados de m\u00e1xima, con cielo entre ligeramente y parcialmente nublado.<\/p>\n\n\n\n<p>En Victoria y Gualeguay se pronostica 11 grados de m\u00ednima y 24 grados de m\u00e1xima, con cielo ligeramente nublado durante toda la jornada.<\/p>\n","protected":false},"excerpt":{"rendered":"<p>Luego de un fin de semana con clima inestable, este lunes mejoraron las condiciones del tiempo. Se incrementar&aacute;n las temperaturas con el correr de los d&iacute;as. Mejoran las condiciones del clima este lunes en Entre R&iacute;os, tras un fin de semana inestable. Para la jornada de hoy se espera mayor protagonismo del sol, con algunas [&hellip;]<\/p>\n","protected":false},"author":2,"featured_media":7883,"comment_status":"open","ping_status":"open","sticky":false,"template":"","format":"standard","meta":{"footnotes":""},"categories":[4,49],"tags":[38,33],"class_list":["post-7881","post","type-post","status-publish","format-standard","has-post-thumbnail","hentry","category-provinciales","category-sociedad","tag-clima","tag-entre-rios"],"_links":{"self":[{"href":"https:\/\/impactodenoticias.com.ar\/index.php?rest_route=\/wp\/v2\/posts\/7881","targetHints":{"allow":["GET"]}}],"collection":[{"href":"https:\/\/impactodenoticias.com.ar\/index.php?rest_route=\/wp\/v2\/posts"}],"about":[{"href":"https:\/\/impactodenoticias.com.ar\/index.php?rest_route=\/wp\/v2\/types\/post"}],"author":[{"embeddable":true,"href":"https:\/\/impactodenoticias.com.ar\/index.php?rest_route=\/wp\/v2\/users\/2"}],"replies":[{"embeddable":true,"href":"https:\/\/impactodenoticias.com.ar\/index.php?rest_route=%2Fwp%2Fv2%2Fcomments&post=7881"}],"version-history":[{"count":1,"href":"https:\/\/impactodenoticias.com.ar\/index.php?rest_route=\/wp\/v2\/posts\/7881\/revisions"}],"predecessor-version":[{"id":7884,"href":"https:\/\/impactodenoticias.com.ar\/index.php?rest_route=\/wp\/v2\/posts\/7881\/revisions\/7884"}],"wp:featuredmedia":[{"embeddable":true,"href":"https:\/\/impactodenoticias.com.ar\/index.php?rest_route=\/wp\/v2\/media\/7883"}],"wp:attachment":[{"href":"https:\/\/impactodenoticias.com.ar\/index.php?rest_route=%2Fwp%2Fv2%2Fmedia&parent=7881"}],"wp:term":[{"taxonomy":"category","embeddable":true,"href":"https:\/\/impactodenoticias.com.ar\/index.php?rest_route=%2Fwp%2Fv2%2Fcategories&post=7881"},{"taxonomy":"post_tag","embeddable":true,"href":"https:\/\/impactodenoticias.com.ar\/index.php?rest_route=%2Fwp%2Fv2%2Ftags&post=7881"}],"curies":[{"name":"wp","href":"https:\/\/api.w.org\/{rel}","templated":true}]}}