{"id":7901,"date":"2024-12-02T11:56:20","date_gmt":"2024-12-02T14:56:20","guid":{"rendered":"https:\/\/impactodenoticias.com.ar\/?p=7901"},"modified":"2024-12-03T09:41:56","modified_gmt":"2024-12-03T12:41:56","slug":"corte-de-luz-en-parana-afecto-a-la-casa-de-gobierno-el-cge-y-tribunales","status":"publish","type":"post","link":"https:\/\/impactodenoticias.com.ar\/?p=7901","title":{"rendered":"Corte de luz en Paran\u00e1 afect\u00f3 a la Casa de Gobierno, el CGE y Tribunales"},"content":{"rendered":"\n<h3 class=\"wp-block-heading\">Desde esta ma\u00f1ana un corte de energ\u00eda afect\u00f3 a parte del centro c\u00edvico de la ciudad de Paran\u00e1 y dej\u00f3 sin luz a ciertas reparticiones y \u00e1reas de la Casa de Gobierno, el Consejo General de Educaci\u00f3n y Tribunales. Se produjo una falla interna en uno de los transformadores ubicados en la Casa Gris.<\/h3>\n\n\n\n<p>Enersa comunic\u00f3 que este lunes se produjo una falla interna en uno de los transformadores ubicados en la Casa de Gobierno de la ciudad de Paran\u00e1.<\/p>\n\n\n\n<p>La falla, ajena a Enersa, afect\u00f3 parte del Centro C\u00edvico de la capital provincial.<\/p>\n\n\n\n<p>Detectada la aver\u00eda, personal de la Empresa de Energ\u00eda trabaj\u00f3 arduamenteen su reparaci\u00f3n al tiempo que se restitu\u00eda el suministro de manera paulatina.<\/p>\n\n\n\n<p>A las 8:15 entr\u00f3 en servicio la alimentaci\u00f3n al Palacio de Justicia y el Consejo de Educaci\u00f3n ya las 8:45 se normaliz\u00f3 el resto del \u00e1rea afectada, aunque pasadas las 9 hab\u00eda \u00e1reas que segu\u00edan sin servicio.<\/p>\n","protected":false},"excerpt":{"rendered":"<p>Desde esta ma&ntilde;ana un corte de energ&iacute;a afect&oacute; a parte del centro c&iacute;vico de la ciudad de Paran&aacute; y dej&oacute; sin luz a ciertas reparticiones y &aacute;reas de la Casa de Gobierno, el Consejo General de Educaci&oacute;n y Tribunales. Se produjo una falla interna en uno de los transformadores ubicados en la Casa Gris. Enersa [&hellip;]<\/p>\n","protected":false},"author":2,"featured_media":7902,"comment_status":"open","ping_status":"open","sticky":false,"template":"","format":"standard","meta":{"footnotes":""},"categories":[4,49],"tags":[956,1410,882,82,380],"class_list":["post-7901","post","type-post","status-publish","format-standard","has-post-thumbnail","hentry","category-provinciales","category-sociedad","tag-casa-de-gobierno","tag-cge","tag-corte","tag-luz","tag-tribunales"],"_links":{"self":[{"href":"https:\/\/impactodenoticias.com.ar\/index.php?rest_route=\/wp\/v2\/posts\/7901","targetHints":{"allow":["GET"]}}],"collection":[{"href":"https:\/\/impactodenoticias.com.ar\/index.php?rest_route=\/wp\/v2\/posts"}],"about":[{"href":"https:\/\/impactodenoticias.com.ar\/index.php?rest_route=\/wp\/v2\/types\/post"}],"author":[{"embeddable":true,"href":"https:\/\/impactodenoticias.com.ar\/index.php?rest_route=\/wp\/v2\/users\/2"}],"replies":[{"embeddable":true,"href":"https:\/\/impactodenoticias.com.ar\/index.php?rest_route=%2Fwp%2Fv2%2Fcomments&post=7901"}],"version-history":[{"count":1,"href":"https:\/\/impactodenoticias.com.ar\/index.php?rest_route=\/wp\/v2\/posts\/7901\/revisions"}],"predecessor-version":[{"id":7903,"href":"https:\/\/impactodenoticias.com.ar\/index.php?rest_route=\/wp\/v2\/posts\/7901\/revisions\/7903"}],"wp:featuredmedia":[{"embeddable":true,"href":"https:\/\/impactodenoticias.com.ar\/index.php?rest_route=\/wp\/v2\/media\/7902"}],"wp:attachment":[{"href":"https:\/\/impactodenoticias.com.ar\/index.php?rest_route=%2Fwp%2Fv2%2Fmedia&parent=7901"}],"wp:term":[{"taxonomy":"category","embeddable":true,"href":"https:\/\/impactodenoticias.com.ar\/index.php?rest_route=%2Fwp%2Fv2%2Fcategories&post=7901"},{"taxonomy":"post_tag","embeddable":true,"href":"https:\/\/impactodenoticias.com.ar\/index.php?rest_route=%2Fwp%2Fv2%2Ftags&post=7901"}],"curies":[{"name":"wp","href":"https:\/\/api.w.org\/{rel}","templated":true}]}}