{"id":7904,"date":"2024-12-02T12:18:07","date_gmt":"2024-12-02T15:18:07","guid":{"rendered":"https:\/\/impactodenoticias.com.ar\/?p=7904"},"modified":"2024-12-03T09:41:52","modified_gmt":"2024-12-03T12:41:52","slug":"por-el-momento-la-libertad-avanza-en-entre-rios-no-logro-constituirse-como-partido-politico","status":"publish","type":"post","link":"https:\/\/impactodenoticias.com.ar\/?p=7904","title":{"rendered":"Por el momento La Libertad Avanza en Entre R\u00edos no logr\u00f3 constituirse como partido pol\u00edtico"},"content":{"rendered":"\n<h3 class=\"wp-block-heading\">Si bien el Juez Federal de Paran\u00e1 con competencia electoral inform\u00f3 que la Libertad Avanza cumpli\u00f3 con el piso de afiliaciones en la provincia, aun le resta un paso para tener formalmente constituido el partido, \u00abla elecci\u00f3n de autoridades partidarias\u00bb, tal como se establece en la Ley Org\u00e1nica de los Partidos Pol\u00edticos.<\/h3>\n\n\n\n<p>La Libertad Avanza (LLA) aun no tiene conformado su partido en Entre R\u00edos, a pesar que durante el fin de semana se hizo circular esa informaci\u00f3n y que el diputado libertario Roque Fleitas se\u00f1alara: \u201cLo cierto es que ahora el presidente Javier Milei tiene su propio partido en Entre R\u00edos\u201d.<\/p>\n\n\n\n<p>Lo que ocurri\u00f3 es que el Juez Federal con competencia electoral confirm\u00f3 que LLA cumpli\u00f3 con el piso de afiliaciones que exige la Ley Org\u00e1nica de Partidos Pol\u00edticos (Ley N\u00ba 23.298), ya que super\u00f3 el piso de 4.000 (lleg\u00f3 a 4.190).<\/p>\n\n\n\n<p>Sin embargo eso no lo habilita aun como partido pol\u00edtico, ya que resta cumplir con el inciso b) del art\u00edculo 7\u00ba Bis, que dispone la convocatoria a elecciones internas para constituir las autoridades definitivas del partido.<\/p>\n\n\n\n<p>Menudo problema enfrenta ahora Fleitas, ya que son conocidas las complicaciones intestinas en el espacio libertario que tuvo uno de sus momentos m\u00e1s \u00e1speros, no el \u00fanico, durante la visita de Karina Milei y Mart\u00edn Menem a la ciudad de Paran\u00e1, en medio de denuncias que se viralizaron en medios de comunicaci\u00f3n locales y nacionales, por parte de concejales y autoridades del interior de la provincia, quienes se\u00f1alaron a los gritos en la puerta del conocido hotel ubicado en Parque Urquiza, que el partido estaba vendido por la dupla Fleitas\/Laumann a Frigerio.<\/p>\n","protected":false},"excerpt":{"rendered":"<p>Si bien el Juez Federal de Paran&aacute; con competencia electoral inform&oacute; que la Libertad Avanza cumpli&oacute; con el piso de afiliaciones en la provincia, aun le resta un paso para tener formalmente constituido el partido, &laquo;la elecci&oacute;n de autoridades partidarias&raquo;, tal como se establece en la Ley Org&aacute;nica de los Partidos Pol&iacute;ticos. La Libertad Avanza [&hellip;]<\/p>\n","protected":false},"author":2,"featured_media":7905,"comment_status":"open","ping_status":"open","sticky":false,"template":"","format":"standard","meta":{"footnotes":""},"categories":[11,4],"tags":[33,212,3076,3271,2771],"class_list":["post-7904","post","type-post","status-publish","format-standard","has-post-thumbnail","hentry","category-politica","category-provinciales","tag-entre-rios","tag-javier-milei","tag-la-libertad-avanza","tag-partido-politico","tag-roque-fleitas"],"_links":{"self":[{"href":"https:\/\/impactodenoticias.com.ar\/index.php?rest_route=\/wp\/v2\/posts\/7904","targetHints":{"allow":["GET"]}}],"collection":[{"href":"https:\/\/impactodenoticias.com.ar\/index.php?rest_route=\/wp\/v2\/posts"}],"about":[{"href":"https:\/\/impactodenoticias.com.ar\/index.php?rest_route=\/wp\/v2\/types\/post"}],"author":[{"embeddable":true,"href":"https:\/\/impactodenoticias.com.ar\/index.php?rest_route=\/wp\/v2\/users\/2"}],"replies":[{"embeddable":true,"href":"https:\/\/impactodenoticias.com.ar\/index.php?rest_route=%2Fwp%2Fv2%2Fcomments&post=7904"}],"version-history":[{"count":1,"href":"https:\/\/impactodenoticias.com.ar\/index.php?rest_route=\/wp\/v2\/posts\/7904\/revisions"}],"predecessor-version":[{"id":7906,"href":"https:\/\/impactodenoticias.com.ar\/index.php?rest_route=\/wp\/v2\/posts\/7904\/revisions\/7906"}],"wp:featuredmedia":[{"embeddable":true,"href":"https:\/\/impactodenoticias.com.ar\/index.php?rest_route=\/wp\/v2\/media\/7905"}],"wp:attachment":[{"href":"https:\/\/impactodenoticias.com.ar\/index.php?rest_route=%2Fwp%2Fv2%2Fmedia&parent=7904"}],"wp:term":[{"taxonomy":"category","embeddable":true,"href":"https:\/\/impactodenoticias.com.ar\/index.php?rest_route=%2Fwp%2Fv2%2Fcategories&post=7904"},{"taxonomy":"post_tag","embeddable":true,"href":"https:\/\/impactodenoticias.com.ar\/index.php?rest_route=%2Fwp%2Fv2%2Ftags&post=7904"}],"curies":[{"name":"wp","href":"https:\/\/api.w.org\/{rel}","templated":true}]}}