{"id":7911,"date":"2024-12-02T20:18:26","date_gmt":"2024-12-02T23:18:26","guid":{"rendered":"https:\/\/impactodenoticias.com.ar\/?p=7911"},"modified":"2024-12-02T20:18:27","modified_gmt":"2024-12-02T23:18:27","slug":"la-joven-que-mato-a-otra-durante-una-pelea-se-abstuvo-de-declarar-y-fue-alojada-en-la-unidad-penal-nro-6-de-parana","status":"publish","type":"post","link":"https:\/\/impactodenoticias.com.ar\/?p=7911","title":{"rendered":"La joven que mat\u00f3 a otra durante una pelea se abstuvo de declarar y fue alojada en la Unidad Penal Nro. 6 de Paran\u00e1"},"content":{"rendered":"\n<h3 class=\"wp-block-heading\">Rita Bejarano permanecer\u00e1 hasta el 27 de diciembre en la Unidad Penal N\u00ba6 de Paran\u00e1. La medida fue resuelta por el juez de Garant\u00edas N\u00ba 5, Elvio Garz\u00f3n. La mujer, de 35 a\u00f1os, est\u00e1 acusada de asesinar a Leonela Ledesma, de 30, el pasado s\u00e1bado durante una pelea callejera en el barrio San Jorge.<\/h3>\n\n\n\n<p>Rita Bejarano permanecer\u00e1 hasta el 27 de diciembre en la Unidad Penal N\u00ba6 de Paran\u00e1. La medida fue resuelta el juez de Garant\u00edas N\u00ba5 Elvio Garz\u00f3n, luego de escuchar los planteos de la fiscal\u00eda y la defensa de la joven madre de dos hijos, acusada de matar a Leonela Ledesma el pasado s\u00e1bado durante una pelea callejera en el barrio San Jorge.<\/p>\n\n\n\n<p>La fiscal Paola Farin\u00f3 hab\u00eda requerido 65 d\u00edas de arresto preventivo en la \u00fanica c\u00e1rcel exclusivamente de mujeres que hay en la provincia, mientras que la defensa a cargo de Juan Cabrera hab\u00eda peticionado un encierro domiciliario.<\/p>\n\n\n\n<p>El Ministerio P\u00fablico Fiscal (MPF), fundament\u00f3 el pedido de prisi\u00f3n preventiva en el peligro de fuga y de entorpecimiento de la causa que tiene apenas unas pocas horas de investigaci\u00f3n. La defensa, por su parte, entendi\u00f3 que la acusada tiene dos hijos menores a cargo y que colabora en el cuidado de una hermana que est\u00e1 pasando por un grave cuadro de salud.<\/p>\n\n\n\n<p>El juez Garz\u00f3n consider\u00f3 que la medida de coerci\u00f3n deb\u00eda ser menor para que el legajo de Instrucci\u00f3n Penal Preparatoria (IPP) avance sin posibilidad de interrupciones. Adem\u00e1s, la disposici\u00f3n del magistrado puede ser prorrogable o modificada durante el proceso.<\/p>\n\n\n\n<p>Antes de la audiencia donde se dispuso el traslado de la mujer al penal, la imputada de homicidio simple se abstuvo de declarar por consejo de su representante legal.<\/p>\n\n\n\n<p>La acusaci\u00f3n provisoria del caso tiene una pena que va de los ocho a 25 a\u00f1os de c\u00e1rcel. Cabe se\u00f1alar que la calificaci\u00f3n puede mutar para peor o en beneficio de la imputada.<\/p>\n\n\n\n<p>Tanto Bejarano como Ledesma se conoc\u00edan, pero no ten\u00edan problemas entre s\u00ed. Este dato juega a favor de la defensa, ya que podr\u00eda llegar a probar que la imputada no premedit\u00f3 el crimen.<\/p>\n\n\n\n<p>Si estar\u00eda confirmado que lo que desat\u00f3 el brutal hecho de violencia en la calle fue que un pariente de la joven fallecida viol\u00f3 una medida de restricci\u00f3n y atac\u00f3 a una sobrina de la acusada.<\/p>\n","protected":false},"excerpt":{"rendered":"<p>Rita Bejarano permanecer&aacute; hasta el 27 de diciembre en la Unidad Penal N&ordm;6 de Paran&aacute;. La medida fue resuelta por el juez de Garant&iacute;as N&ordm; 5, Elvio Garz&oacute;n. La mujer, de 35 a&ntilde;os, est&aacute; acusada de asesinar a Leonela Ledesma, de 30, el pasado s&aacute;bado durante una pelea callejera en el barrio San Jorge. Rita [&hellip;]<\/p>\n","protected":false},"author":2,"featured_media":7912,"comment_status":"open","ping_status":"open","sticky":false,"template":"","format":"standard","meta":{"footnotes":""},"categories":[90,3,8],"tags":[110,3277,3278,95,3264,3279,3276],"class_list":["post-7911","post","type-post","status-publish","format-standard","has-post-thumbnail","hentry","category-judicial","category-locales","category-policiales","tag-asesinato","tag-elvio-garzon","tag-leonela-ledesma","tag-parana","tag-rita-bejarano","tag-san-jorge","tag-unidad-penal-nro-6"],"_links":{"self":[{"href":"https:\/\/impactodenoticias.com.ar\/index.php?rest_route=\/wp\/v2\/posts\/7911","targetHints":{"allow":["GET"]}}],"collection":[{"href":"https:\/\/impactodenoticias.com.ar\/index.php?rest_route=\/wp\/v2\/posts"}],"about":[{"href":"https:\/\/impactodenoticias.com.ar\/index.php?rest_route=\/wp\/v2\/types\/post"}],"author":[{"embeddable":true,"href":"https:\/\/impactodenoticias.com.ar\/index.php?rest_route=\/wp\/v2\/users\/2"}],"replies":[{"embeddable":true,"href":"https:\/\/impactodenoticias.com.ar\/index.php?rest_route=%2Fwp%2Fv2%2Fcomments&post=7911"}],"version-history":[{"count":1,"href":"https:\/\/impactodenoticias.com.ar\/index.php?rest_route=\/wp\/v2\/posts\/7911\/revisions"}],"predecessor-version":[{"id":7913,"href":"https:\/\/impactodenoticias.com.ar\/index.php?rest_route=\/wp\/v2\/posts\/7911\/revisions\/7913"}],"wp:featuredmedia":[{"embeddable":true,"href":"https:\/\/impactodenoticias.com.ar\/index.php?rest_route=\/wp\/v2\/media\/7912"}],"wp:attachment":[{"href":"https:\/\/impactodenoticias.com.ar\/index.php?rest_route=%2Fwp%2Fv2%2Fmedia&parent=7911"}],"wp:term":[{"taxonomy":"category","embeddable":true,"href":"https:\/\/impactodenoticias.com.ar\/index.php?rest_route=%2Fwp%2Fv2%2Fcategories&post=7911"},{"taxonomy":"post_tag","embeddable":true,"href":"https:\/\/impactodenoticias.com.ar\/index.php?rest_route=%2Fwp%2Fv2%2Ftags&post=7911"}],"curies":[{"name":"wp","href":"https:\/\/api.w.org\/{rel}","templated":true}]}}