{"id":7921,"date":"2024-12-02T20:43:11","date_gmt":"2024-12-02T23:43:11","guid":{"rendered":"https:\/\/impactodenoticias.com.ar\/?p=7921"},"modified":"2024-12-02T20:43:12","modified_gmt":"2024-12-02T23:43:12","slug":"clima-en-entre-rios-este-martes-se-mantendra-el-buen-clima-en-todo-el-territorio-provincial","status":"publish","type":"post","link":"https:\/\/impactodenoticias.com.ar\/?p=7921","title":{"rendered":"Clima en Entre R\u00edos: este martes se mantendr\u00e1 el buen clima en todo el territorio provincial"},"content":{"rendered":"\n<p class=\"has-medium-font-size\"><strong>El Servicio Meteorol\u00f3gico Nacional (SMN), en su informe extendido, anticipa que el martes se presentar\u00e1 con cielo despejado y temperaturas agradables en la provincia de Entre R\u00edos.<\/strong><\/p>\n\n\n\n<p>El pron\u00f3stico anticipa un martes con cielo ligeramente nublado en la provincia de Entre R\u00edos. Las temperaturas se mantendr\u00e1n en ascenso durante los pr\u00f3ximos d\u00edas.<\/p>\n\n\n\n<p><\/p>\n\n\n\n<figure class=\"wp-block-image size-full\"><img loading=\"lazy\" decoding=\"async\" width=\"427\" height=\"485\" src=\"https:\/\/impactodenoticias.com.ar\/wp-content\/uploads\/2024\/12\/scrnli_VUqr5i1m5oclvt.png\" alt=\"\" class=\"wp-image-7922\" srcset=\"https:\/\/impactodenoticias.com.ar\/wp-content\/uploads\/2024\/12\/scrnli_VUqr5i1m5oclvt.png 427w, https:\/\/impactodenoticias.com.ar\/wp-content\/uploads\/2024\/12\/scrnli_VUqr5i1m5oclvt-264x300.png 264w\" sizes=\"auto, (max-width: 427px) 100vw, 427px\" \/><\/figure>\n\n\n\n<p><\/p>\n\n\n\n<p>En Paran\u00e1, La Paz, Villaguay, Diamante y Nogoy\u00e1 la m\u00ednima ser\u00e1 de 12 grados y la m\u00e1xima alcanzar\u00e1 los 22 grados. En la capital y alrededores se pronostica cielo despejado con posibilidades de algunas nubes por la tarde.<\/p>\n\n\n\n<p>Mientras que en Concordia, Federal, Feliciano, Federaci\u00f3n y San Salvador, en tanto, se espera una m\u00ednima de 14 grados y una m\u00e1xima de 25 grados. All\u00ed tambi\u00e9n se prev\u00e9 un d\u00eda mayormente despejado.<\/p>\n\n\n\n<p>En Gualeguaych\u00fa, Col\u00f3n, Uruguay, Tala e Islas, se aguarda una m\u00ednima de 13 grados y una m\u00e1xima de 21 grados. En estas localidades se espera una jornada con cielo despejado.<\/p>\n","protected":false},"excerpt":{"rendered":"<p>El Servicio Meteorol&oacute;gico Nacional (SMN), en su informe extendido, anticipa que el martes se presentar&aacute; con cielo despejado y temperaturas agradables en la provincia de Entre R&iacute;os. El pron&oacute;stico anticipa un martes con cielo ligeramente nublado en la provincia de Entre R&iacute;os. Las temperaturas se mantendr&aacute;n en ascenso durante los pr&oacute;ximos d&iacute;as. En Paran&aacute;, La [&hellip;]<\/p>\n","protected":false},"author":2,"featured_media":7923,"comment_status":"open","ping_status":"open","sticky":false,"template":"","format":"standard","meta":{"footnotes":""},"categories":[4,49],"tags":[38,33],"class_list":["post-7921","post","type-post","status-publish","format-standard","has-post-thumbnail","hentry","category-provinciales","category-sociedad","tag-clima","tag-entre-rios"],"_links":{"self":[{"href":"https:\/\/impactodenoticias.com.ar\/index.php?rest_route=\/wp\/v2\/posts\/7921","targetHints":{"allow":["GET"]}}],"collection":[{"href":"https:\/\/impactodenoticias.com.ar\/index.php?rest_route=\/wp\/v2\/posts"}],"about":[{"href":"https:\/\/impactodenoticias.com.ar\/index.php?rest_route=\/wp\/v2\/types\/post"}],"author":[{"embeddable":true,"href":"https:\/\/impactodenoticias.com.ar\/index.php?rest_route=\/wp\/v2\/users\/2"}],"replies":[{"embeddable":true,"href":"https:\/\/impactodenoticias.com.ar\/index.php?rest_route=%2Fwp%2Fv2%2Fcomments&post=7921"}],"version-history":[{"count":1,"href":"https:\/\/impactodenoticias.com.ar\/index.php?rest_route=\/wp\/v2\/posts\/7921\/revisions"}],"predecessor-version":[{"id":7924,"href":"https:\/\/impactodenoticias.com.ar\/index.php?rest_route=\/wp\/v2\/posts\/7921\/revisions\/7924"}],"wp:featuredmedia":[{"embeddable":true,"href":"https:\/\/impactodenoticias.com.ar\/index.php?rest_route=\/wp\/v2\/media\/7923"}],"wp:attachment":[{"href":"https:\/\/impactodenoticias.com.ar\/index.php?rest_route=%2Fwp%2Fv2%2Fmedia&parent=7921"}],"wp:term":[{"taxonomy":"category","embeddable":true,"href":"https:\/\/impactodenoticias.com.ar\/index.php?rest_route=%2Fwp%2Fv2%2Fcategories&post=7921"},{"taxonomy":"post_tag","embeddable":true,"href":"https:\/\/impactodenoticias.com.ar\/index.php?rest_route=%2Fwp%2Fv2%2Ftags&post=7921"}],"curies":[{"name":"wp","href":"https:\/\/api.w.org\/{rel}","templated":true}]}}