{"id":7967,"date":"2024-12-03T14:43:18","date_gmt":"2024-12-03T17:43:18","guid":{"rendered":"https:\/\/impactodenoticias.com.ar\/?p=7967"},"modified":"2024-12-04T10:12:37","modified_gmt":"2024-12-04T13:12:37","slug":"el-ministerio-de-salud-de-entre-rios-recomiendan-vacunacion-contra-la-fiebre-amarilla-para-viajeros","status":"publish","type":"post","link":"https:\/\/impactodenoticias.com.ar\/?p=7967","title":{"rendered":"El ministerio de Salud de Entre R\u00edos recomiendan vacunaci\u00f3n contra la fiebre amarilla para viajeros"},"content":{"rendered":"\n<p class=\"has-medium-font-size\"><strong>El Ministerio de Salud de Entre R\u00edos recomienda a los viajeros la importancia de la vacunaci\u00f3n contra la fiebre amarilla, especialmente ante la proximidad de las vacaciones de verano. Informaron adem\u00e1s los lugares para vacunarse.<\/strong><\/p>\n\n\n\n<p>La fiebre amarilla es una enfermedad viral transmitida por mosquitos, que puede ser grave e incluso mortal. Aunque Entre R\u00edos no se considera una zona de riesgo, la cartera sanitaria enfatiza que la vacunaci\u00f3n puede prevenir brotes en \u00e1reas donde el virus puede estar presente. La vacuna es efectiva, con una dosis \u00fanica que brinda inmunidad de por vida.<\/p>\n\n\n\n<p>Los viajeros que no presenten contraindicaciones y tengan planes de visitar pa\u00edses con transmisi\u00f3n comprobada de fiebre amarilla deben vacunarse al menos 10 d\u00edas antes del viaje. El Ministerio ha publicado una lista de centros de vacunaci\u00f3n en la provincia donde se puede recibir la vacuna, destacando que en algunos hospitales no se requiere turno previo.<\/p>\n\n\n\n<p>Brasil no exige la vacuna, pero la Organizaci\u00f3n Mundial de la Salud (OMS) la recomienda para ciertos estados. Aruba y Costa Rica requieren comprobante de vacunaci\u00f3n para viajeros de pa\u00edses con riesgo de transmisi\u00f3n, mientras que la Rep\u00fablica Dominicana exige la vacuna para quienes lleguen de estados espec\u00edficos de Brasil.<\/p>\n\n\n\n<p>Se recuerda a los viajeros la importancia de adoptar medidas preventivas adicionales para evitar las picaduras de mosquitos, como el uso de repelente, la vestimenta adecuada y el uso de mosquiteros en alojamientos. Estas acciones son fundamentales para garantizar unas vacaciones seguras y saludables.<\/p>\n\n\n\n<p><strong>Lugares para vacunarse<\/strong><\/p>\n\n\n\n<p><strong>Sin turno previo<\/strong><\/p>\n\n\n\n<p>Paran\u00e1: hospitales San Mart\u00edn (los mi\u00e9rcoles de 8 a 13); Materno Infantil San Roque (los jueves de 8 a 12) y De la Baxada Dra. Teresa Ratto (viernes de 8 a 12).<br>Gualeguaych\u00fa: hospital Centenario (martes y jueves 7 a 14); y Centro de Salud Patico Daneri (jueves de 9 a 15).<br><\/p>\n\n\n\n<p><strong>Con turno previo<\/strong><\/p>\n\n\n\n<p>Col\u00f3n: hospital San Benjam\u00edn (de lunes a viernes de 6 a 14).<br>Concordia: hospital Delicia Concepci\u00f3n Masvernat (de lunes a viernes de 9 a 15), centro de atenci\u00f3n primaria Caminal (los mi\u00e9rcoles de 10 a 16) y Direcci\u00f3n de Especialidades M\u00e9dicas (de 10 a 13).<br>Diamante: hospital San Jos\u00e9 (de lunes a viernes de 6 a 14).<br>Chajar\u00ed: hospital Santa Rosa.<br>San Jos\u00e9 de Feliciano: hospital General Francisco Ram\u00edrez.<br>Gualeguay: hospital San Antonio y Asistencia P\u00fablica.<br>La Paz: hospital 9 de Julio.<br>Nogoy\u00e1: hospital San Blas (los mi\u00e9rcoles).<br>San Salvador: hospital San Miguel (los viernes).<br>Victoria: hospital Ferm\u00edn Salaberry.<br>Villaguay: hospital Santa Rosa (de 7 a 16).<br>Concepci\u00f3n del Uruguay: Asistencia P\u00fablica (los jueves de 7 a 11).<\/p>\n","protected":false},"excerpt":{"rendered":"<p>El Ministerio de Salud de Entre R&iacute;os recomienda a los viajeros la importancia de la vacunaci&oacute;n contra la fiebre amarilla, especialmente ante la proximidad de las vacaciones de verano. Informaron adem&aacute;s los lugares para vacunarse. La fiebre amarilla es una enfermedad viral transmitida por mosquitos, que puede ser grave e incluso mortal. Aunque Entre R&iacute;os [&hellip;]<\/p>\n","protected":false},"author":2,"featured_media":7968,"comment_status":"open","ping_status":"open","sticky":false,"template":"","format":"standard","meta":{"footnotes":""},"categories":[4,49],"tags":[3299,3298,1127,2370,3300],"class_list":["post-7967","post","type-post","status-publish","format-standard","has-post-thumbnail","hentry","category-provinciales","category-sociedad","tag-fiebre-amarilla","tag-ministerio","tag-salud","tag-vacunacion","tag-viajeros"],"_links":{"self":[{"href":"https:\/\/impactodenoticias.com.ar\/index.php?rest_route=\/wp\/v2\/posts\/7967","targetHints":{"allow":["GET"]}}],"collection":[{"href":"https:\/\/impactodenoticias.com.ar\/index.php?rest_route=\/wp\/v2\/posts"}],"about":[{"href":"https:\/\/impactodenoticias.com.ar\/index.php?rest_route=\/wp\/v2\/types\/post"}],"author":[{"embeddable":true,"href":"https:\/\/impactodenoticias.com.ar\/index.php?rest_route=\/wp\/v2\/users\/2"}],"replies":[{"embeddable":true,"href":"https:\/\/impactodenoticias.com.ar\/index.php?rest_route=%2Fwp%2Fv2%2Fcomments&post=7967"}],"version-history":[{"count":1,"href":"https:\/\/impactodenoticias.com.ar\/index.php?rest_route=\/wp\/v2\/posts\/7967\/revisions"}],"predecessor-version":[{"id":7969,"href":"https:\/\/impactodenoticias.com.ar\/index.php?rest_route=\/wp\/v2\/posts\/7967\/revisions\/7969"}],"wp:featuredmedia":[{"embeddable":true,"href":"https:\/\/impactodenoticias.com.ar\/index.php?rest_route=\/wp\/v2\/media\/7968"}],"wp:attachment":[{"href":"https:\/\/impactodenoticias.com.ar\/index.php?rest_route=%2Fwp%2Fv2%2Fmedia&parent=7967"}],"wp:term":[{"taxonomy":"category","embeddable":true,"href":"https:\/\/impactodenoticias.com.ar\/index.php?rest_route=%2Fwp%2Fv2%2Fcategories&post=7967"},{"taxonomy":"post_tag","embeddable":true,"href":"https:\/\/impactodenoticias.com.ar\/index.php?rest_route=%2Fwp%2Fv2%2Ftags&post=7967"}],"curies":[{"name":"wp","href":"https:\/\/api.w.org\/{rel}","templated":true}]}}