{"id":8008,"date":"2024-12-04T14:17:10","date_gmt":"2024-12-04T17:17:10","guid":{"rendered":"https:\/\/impactodenoticias.com.ar\/?p=8008"},"modified":"2024-12-06T11:38:14","modified_gmt":"2024-12-06T14:38:14","slug":"graves-declaraciones-de-blanca-osuna-contra-kueider-se-vendio-y-voto-a-favor-de-la-ley-bases-senalo","status":"publish","type":"post","link":"https:\/\/impactodenoticias.com.ar\/?p=8008","title":{"rendered":"Graves declaraciones de Blanca Osuna contra Kueider: \u201cSe vendi\u00f3 y vot\u00f3 a favor de la Ley Bases\u201d, se\u00f1al\u00f3"},"content":{"rendered":"\n<h3 class=\"wp-block-heading\">La diputada nacional por Entre R\u00edos afirm\u00f3 que \u00abno es sorpresa\u00bb y lo cuestiono por haber dejado el bloque peronista. Adem\u00e1s critic\u00f3 que el PJ no lo expuls\u00f3 del partido.<\/h3>\n\n\n\n<p>La diputada nacional Blanca Osuna critic\u00f3 a Edgardo Kueider, luego de la demora del senador nacional por Entre R\u00edos en Paraguay con m\u00e1s de 200.000 d\u00f3lares, pesos argentinos y guaran\u00edes sin declarar. En un tuit, expres\u00f3 que \u201cdej\u00f3 el bloque para votarle todo a Javier Milei\u201d.<\/p>\n\n\n\n<p><\/p>\n\n\n\n<blockquote class=\"twitter-tweet\"><p lang=\"es\" dir=\"ltr\">Detuvieron en la triple frontera a <a href=\"https:\/\/twitter.com\/EdgardoKueider?ref_src=twsrc%5Etfw\">@EdgardoKueider<\/a> con 200.000 d\u00f3lares no declarados, senador de Entre R\u00edos que dej\u00f3 el bloque para votarle todo a <a href=\"https:\/\/twitter.com\/JMilei?ref_src=twsrc%5Etfw\">@JMilei<\/a>. <br>No es sorpresa che! Lo sorprendente es que el <a href=\"https:\/\/twitter.com\/PJEntreRios?ref_src=twsrc%5Etfw\">@PJEntreRios<\/a> lo mantiene como afiliado. <br>(+)\ud83d\udc47Abro hilo<\/p>&mdash; Blanca Osuna (@BlancaOsunaOK) <a href=\"https:\/\/twitter.com\/BlancaOsunaOK\/status\/1864353350302523483?ref_src=twsrc%5Etfw\">December 4, 2024<\/a><\/blockquote> <script async src=\"https:\/\/platform.twitter.com\/widgets.js\" charset=\"utf-8\"><\/script>\n\n\n\n<p><\/p>\n\n\n\n<p>Adem\u00e1s, la legisladora critic\u00f3 al partido por no haberlo expulsado cuando abandon\u00f3 el espacio pol\u00edtico. \u201cNo es sorpresa che! Lo sorprendente es que el PJ lo mantiene como abogado\u201c, apunt\u00f3.<\/p>\n\n\n\n<p>Entre otras afirmaciones, destac\u00f3<strong> que \u201cse vendi\u00f3 y vot\u00f3 a favor de la Ley Bases\u201d, que fue \u201cpropuesto a presidir la Bicameral de Inteligencia\u201d y que \u201cMilei lo quer\u00eda como candidato en las pr\u00f3ximas elecciones\u201c.<\/strong><\/p>\n\n\n\n<p>Adem\u00e1s, asever\u00f3, que el Presidente Milei, <strong>\u201cle ofreci\u00f3 la Embajada en Uruguay\u201d y que el ministro \u201cCaputo adem\u00e1s le habr\u00eda ofrecido a cambio cobertura judicial\u201d.<\/strong><\/p>\n","protected":false},"excerpt":{"rendered":"<p>La diputada nacional por Entre R&iacute;os afirm&oacute; que &laquo;no es sorpresa&raquo; y lo cuestiono por haber dejado el bloque peronista. Adem&aacute;s critic&oacute; que el PJ no lo expuls&oacute; del partido. La diputada nacional Blanca Osuna critic&oacute; a Edgardo Kueider, luego de la demora del senador nacional por Entre R&iacute;os en Paraguay con m&aacute;s de 200.000 [&hellip;]<\/p>\n","protected":false},"author":2,"featured_media":8009,"comment_status":"open","ping_status":"open","sticky":false,"template":"","format":"standard","meta":{"footnotes":""},"categories":[90,10,11,4],"tags":[919,1338,548,27,212,28,1778,3313],"class_list":["post-8008","post","type-post","status-publish","format-standard","has-post-thumbnail","hentry","category-judicial","category-nacionales","category-politica","category-provinciales","tag-blanca-osuna","tag-demora","tag-dolares","tag-edgardo-kueider","tag-javier-milei","tag-ley-bases","tag-paraguay","tag-triple-frontera"],"_links":{"self":[{"href":"https:\/\/impactodenoticias.com.ar\/index.php?rest_route=\/wp\/v2\/posts\/8008","targetHints":{"allow":["GET"]}}],"collection":[{"href":"https:\/\/impactodenoticias.com.ar\/index.php?rest_route=\/wp\/v2\/posts"}],"about":[{"href":"https:\/\/impactodenoticias.com.ar\/index.php?rest_route=\/wp\/v2\/types\/post"}],"author":[{"embeddable":true,"href":"https:\/\/impactodenoticias.com.ar\/index.php?rest_route=\/wp\/v2\/users\/2"}],"replies":[{"embeddable":true,"href":"https:\/\/impactodenoticias.com.ar\/index.php?rest_route=%2Fwp%2Fv2%2Fcomments&post=8008"}],"version-history":[{"count":2,"href":"https:\/\/impactodenoticias.com.ar\/index.php?rest_route=\/wp\/v2\/posts\/8008\/revisions"}],"predecessor-version":[{"id":8011,"href":"https:\/\/impactodenoticias.com.ar\/index.php?rest_route=\/wp\/v2\/posts\/8008\/revisions\/8011"}],"wp:featuredmedia":[{"embeddable":true,"href":"https:\/\/impactodenoticias.com.ar\/index.php?rest_route=\/wp\/v2\/media\/8009"}],"wp:attachment":[{"href":"https:\/\/impactodenoticias.com.ar\/index.php?rest_route=%2Fwp%2Fv2%2Fmedia&parent=8008"}],"wp:term":[{"taxonomy":"category","embeddable":true,"href":"https:\/\/impactodenoticias.com.ar\/index.php?rest_route=%2Fwp%2Fv2%2Fcategories&post=8008"},{"taxonomy":"post_tag","embeddable":true,"href":"https:\/\/impactodenoticias.com.ar\/index.php?rest_route=%2Fwp%2Fv2%2Ftags&post=8008"}],"curies":[{"name":"wp","href":"https:\/\/api.w.org\/{rel}","templated":true}]}}