{"id":8012,"date":"2024-12-04T14:35:32","date_gmt":"2024-12-04T17:35:32","guid":{"rendered":"https:\/\/impactodenoticias.com.ar\/?p=8012"},"modified":"2024-12-06T11:38:10","modified_gmt":"2024-12-06T14:38:10","slug":"detencion-del-senador-kueider-democracia-tarifada-expreso-cristina-kirchner","status":"publish","type":"post","link":"https:\/\/impactodenoticias.com.ar\/?p=8012","title":{"rendered":"Detenci\u00f3n del senador Kueider: \u00abdemocracia tarifada\u00bb, expres\u00f3 Cristina Kirchner"},"content":{"rendered":"\n<p class=\"has-medium-font-size\"><strong>\u201cAs\u00ed se consiguen los votos para las leyes que perjudican a las minor\u00edas\u201d, apunt\u00f3 sobre la detenci\u00f3n de Kueider en Paraguay. La exmandataria record\u00f3 que el senador entrerriano hab\u00eda sido designado por el peronismo y termin\u00f3 votando leyes con el oficialismo.<\/strong><\/p>\n\n\n\n<p>La expresidenta Cristina Fern\u00e1ndez de Kirchner hizo referencia este martes a la detenci\u00f3n del senador por Entre R\u00edos, Edgardo Dar\u00edo Kueider en Paraguay despu\u00e9s que autoridades de ese pa\u00eds detectaron que llevaba U$S 200 mil, pesos argentinos y guaran\u00edes sin declarar.<\/p>\n\n\n\n<p><\/p>\n\n\n\n<blockquote class=\"twitter-tweet\"><p lang=\"es\" dir=\"ltr\">Democracia tarifada. <br><br>Senador argentino detenido por las autoridades paraguayas en la Triple Frontera durante la madrugada con cientos de miles de d\u00f3lares, de los cuales no pudo dar explicaciones.<br><br>Edgardo Kueider, votado como peronista que pas\u00f3 a votar como libertario con el\u2026 <a href=\"https:\/\/t.co\/26JkjpEumJ\">pic.twitter.com\/26JkjpEumJ<\/a><\/p>&mdash; Cristina Kirchner (@CFKArgentina) <a href=\"https:\/\/twitter.com\/CFKArgentina\/status\/1864349132347068651?ref_src=twsrc%5Etfw\">December 4, 2024<\/a><\/blockquote> <script async src=\"https:\/\/platform.twitter.com\/widgets.js\" charset=\"utf-8\"><\/script>\n\n\n\n<p><\/p>\n\n\n\n<p>\u201cDemocracia tarifada\u201d, titul\u00f3 Cristina Fern\u00e1ndez el posteo que subi\u00f3 en su cuenta en la red social X.<\/p>\n\n\n\n<p>\u201cSenador argentino detenido por las autoridades paraguayas en la Triple Frontera durante la madrugada con cientos de miles de d\u00f3lares, de los cuales no pudo dar explicaciones\u201d, arranco el twitt de Cristina.<\/p>\n\n\n\n<p>Y, sigui\u00f3: \u201cEdgardo Kueider, votado como peronista que pas\u00f3 a votar como libertario con el Gobierno de Milei y al que Villarruel design\u00f3 como Presidente de la Comisi\u00f3n de Asuntos Constitucionales del Senado de la Naci\u00f3n\u201d.<\/p>\n\n\n\n<p>Finaliz\u00f3 se\u00f1alando: \u201cAs\u00ed se consiguen los votos para las leyes que perjudican a las grandes mayor\u00edas y a los intereses de la Naci\u00f3n; o las ausencias que impiden derogar los Decretos de Necesidad y Urgencia que condenan a millones de argentinos a la pobreza o le permiten al Ministro de Econom\u00eda volver a endeudar el pa\u00eds. Que nadie se haga el distra\u00eddo\u2026 Ni la distra\u00edda\u201d, destac\u00f3.<\/p>\n","protected":false},"excerpt":{"rendered":"<p>&ldquo;As&iacute; se consiguen los votos para las leyes que perjudican a las minor&iacute;as&rdquo;, apunt&oacute; sobre la detenci&oacute;n de Kueider en Paraguay. La exmandataria record&oacute; que el senador entrerriano hab&iacute;a sido designado por el peronismo y termin&oacute; votando leyes con el oficialismo. La expresidenta Cristina Fern&aacute;ndez de Kirchner hizo referencia este martes a la detenci&oacute;n del [&hellip;]<\/p>\n","protected":false},"author":2,"featured_media":8014,"comment_status":"open","ping_status":"open","sticky":false,"template":"","format":"standard","meta":{"footnotes":""},"categories":[90,10,11],"tags":[30,1003,548,27,1778,3313],"class_list":["post-8012","post","type-post","status-publish","format-standard","has-post-thumbnail","hentry","category-judicial","category-nacionales","category-politica","tag-cristina-kirchner","tag-detencion","tag-dolares","tag-edgardo-kueider","tag-paraguay","tag-triple-frontera"],"_links":{"self":[{"href":"https:\/\/impactodenoticias.com.ar\/index.php?rest_route=\/wp\/v2\/posts\/8012","targetHints":{"allow":["GET"]}}],"collection":[{"href":"https:\/\/impactodenoticias.com.ar\/index.php?rest_route=\/wp\/v2\/posts"}],"about":[{"href":"https:\/\/impactodenoticias.com.ar\/index.php?rest_route=\/wp\/v2\/types\/post"}],"author":[{"embeddable":true,"href":"https:\/\/impactodenoticias.com.ar\/index.php?rest_route=\/wp\/v2\/users\/2"}],"replies":[{"embeddable":true,"href":"https:\/\/impactodenoticias.com.ar\/index.php?rest_route=%2Fwp%2Fv2%2Fcomments&post=8012"}],"version-history":[{"count":2,"href":"https:\/\/impactodenoticias.com.ar\/index.php?rest_route=\/wp\/v2\/posts\/8012\/revisions"}],"predecessor-version":[{"id":8016,"href":"https:\/\/impactodenoticias.com.ar\/index.php?rest_route=\/wp\/v2\/posts\/8012\/revisions\/8016"}],"wp:featuredmedia":[{"embeddable":true,"href":"https:\/\/impactodenoticias.com.ar\/index.php?rest_route=\/wp\/v2\/media\/8014"}],"wp:attachment":[{"href":"https:\/\/impactodenoticias.com.ar\/index.php?rest_route=%2Fwp%2Fv2%2Fmedia&parent=8012"}],"wp:term":[{"taxonomy":"category","embeddable":true,"href":"https:\/\/impactodenoticias.com.ar\/index.php?rest_route=%2Fwp%2Fv2%2Fcategories&post=8012"},{"taxonomy":"post_tag","embeddable":true,"href":"https:\/\/impactodenoticias.com.ar\/index.php?rest_route=%2Fwp%2Fv2%2Ftags&post=8012"}],"curies":[{"name":"wp","href":"https:\/\/api.w.org\/{rel}","templated":true}]}}