{"id":8044,"date":"2024-12-04T18:58:45","date_gmt":"2024-12-04T21:58:45","guid":{"rendered":"https:\/\/impactodenoticias.com.ar\/?p=8044"},"modified":"2024-12-06T11:37:48","modified_gmt":"2024-12-06T14:37:48","slug":"detencion-en-paraguay-el-dinero-no-era-mio-senalo-kueider","status":"publish","type":"post","link":"https:\/\/impactodenoticias.com.ar\/?p=8044","title":{"rendered":"Detenci\u00f3n en Paraguay: \u201cEl dinero no era m\u00edo\u201d, se\u00f1al\u00f3 Kueider"},"content":{"rendered":"\n<h3 class=\"wp-block-heading\">El legislador entrerriano expres\u00f3 ser inocente y que dar\u00e1 su versi\u00f3n ante la Justicia paraguaya. Fue demorado con m\u00e1s de 200 mil d\u00f3lares, guaran\u00edes y pesos argentinos.<\/h3>\n\n\n\n<p>El senador nacional entrerrriano Edgardo Kueider, finalmente habl\u00f3 desde Paraguay, donde fue demorado en la Triple Frontera con m\u00e1s de 200 mil d\u00f3lares este mi\u00e9rcoles. Ante c\u00e1maras y periodistas de ese pa\u00eds, y en una breve entrevista brindada mientras iba se trasladaba a los tribunales locales, el legislador afirm\u00f3 que es inocente y que el dinero no era de su propiedad.<\/p>\n\n\n\n<p><\/p>\n\n\n\n<blockquote class=\"twitter-tweet\"><p lang=\"es\" dir=\"ltr\">&quot;Voy a dar mi versi\u00f3n al fiscal de turno y manifestarle mi total inocencia. No tengo que justificar el dinero porque no era mio&quot; \ud83d\udde3\ufe0f<br><br>\ud83d\udd34Edgardo Kueider, quien fue demorado en Paraguay con m\u00e1s de 200 mil d\u00f3lares sin declarar, neg\u00f3 todas las acusaciones<a href=\"https:\/\/t.co\/wQ2irgAVDK\">pic.twitter.com\/wQ2irgAVDK<\/a><\/p>&mdash; El Destape (@eldestapeweb) <a href=\"https:\/\/twitter.com\/eldestapeweb\/status\/1864417790955782160?ref_src=twsrc%5Etfw\">December 4, 2024<\/a><\/blockquote> <script async src=\"https:\/\/platform.twitter.com\/widgets.js\" charset=\"utf-8\"><\/script>\n\n\n\n<p><\/p>\n\n\n\n<p>\u201cVoy a dar mi versi\u00f3n al fiscal de turno, para manifestarle mi total inocencia en esta situaci\u00f3n\u201d, apunt\u00f3 Kueider. Consultado sobre una posible explicaci\u00f3n en relaci\u00f3n al dinero, subray\u00f3: \u201cNo tengo que justificarlo, porque no era m\u00edo\u201d.<\/p>\n\n\n\n<p>\u201cLe voy a dar mi versi\u00f3n al fiscal y que siga el proceso como corresponde\u201d, concluy\u00f3 Kueider, antes de alejarse sin contestar m\u00e1s preguntas.<\/p>\n","protected":false},"excerpt":{"rendered":"<p>El legislador entrerriano expres&oacute; ser inocente y que dar&aacute; su versi&oacute;n ante la Justicia paraguaya. Fue demorado con m&aacute;s de 200 mil d&oacute;lares, guaran&iacute;es y pesos argentinos. El senador nacional entrerrriano Edgardo Kueider, finalmente habl&oacute; desde Paraguay, donde fue demorado en la Triple Frontera con m&aacute;s de 200 mil d&oacute;lares este mi&eacute;rcoles. Ante c&aacute;maras y [&hellip;]<\/p>\n","protected":false},"author":2,"featured_media":8045,"comment_status":"open","ping_status":"open","sticky":false,"template":"","format":"standard","meta":{"footnotes":""},"categories":[90,10,11],"tags":[1003,27,1778],"class_list":["post-8044","post","type-post","status-publish","format-standard","has-post-thumbnail","hentry","category-judicial","category-nacionales","category-politica","tag-detencion","tag-edgardo-kueider","tag-paraguay"],"_links":{"self":[{"href":"https:\/\/impactodenoticias.com.ar\/index.php?rest_route=\/wp\/v2\/posts\/8044","targetHints":{"allow":["GET"]}}],"collection":[{"href":"https:\/\/impactodenoticias.com.ar\/index.php?rest_route=\/wp\/v2\/posts"}],"about":[{"href":"https:\/\/impactodenoticias.com.ar\/index.php?rest_route=\/wp\/v2\/types\/post"}],"author":[{"embeddable":true,"href":"https:\/\/impactodenoticias.com.ar\/index.php?rest_route=\/wp\/v2\/users\/2"}],"replies":[{"embeddable":true,"href":"https:\/\/impactodenoticias.com.ar\/index.php?rest_route=%2Fwp%2Fv2%2Fcomments&post=8044"}],"version-history":[{"count":1,"href":"https:\/\/impactodenoticias.com.ar\/index.php?rest_route=\/wp\/v2\/posts\/8044\/revisions"}],"predecessor-version":[{"id":8046,"href":"https:\/\/impactodenoticias.com.ar\/index.php?rest_route=\/wp\/v2\/posts\/8044\/revisions\/8046"}],"wp:featuredmedia":[{"embeddable":true,"href":"https:\/\/impactodenoticias.com.ar\/index.php?rest_route=\/wp\/v2\/media\/8045"}],"wp:attachment":[{"href":"https:\/\/impactodenoticias.com.ar\/index.php?rest_route=%2Fwp%2Fv2%2Fmedia&parent=8044"}],"wp:term":[{"taxonomy":"category","embeddable":true,"href":"https:\/\/impactodenoticias.com.ar\/index.php?rest_route=%2Fwp%2Fv2%2Fcategories&post=8044"},{"taxonomy":"post_tag","embeddable":true,"href":"https:\/\/impactodenoticias.com.ar\/index.php?rest_route=%2Fwp%2Fv2%2Ftags&post=8044"}],"curies":[{"name":"wp","href":"https:\/\/api.w.org\/{rel}","templated":true}]}}