{"id":8086,"date":"2024-12-05T15:03:20","date_gmt":"2024-12-05T18:03:20","guid":{"rendered":"https:\/\/impactodenoticias.com.ar\/?p=8086"},"modified":"2024-12-06T11:37:08","modified_gmt":"2024-12-06T14:37:08","slug":"sobre-kueider-hay-que-pedirle-la-banca-el-partido-tiene-que-pedirle-la-renuncia-porque-lo-votamos-nosotros-senalo-rossi","status":"publish","type":"post","link":"https:\/\/impactodenoticias.com.ar\/?p=8086","title":{"rendered":"Sobre Kueider: \u201cHay que pedirle la banca, el partido tiene que pedirle la renuncia porque lo votamos nosotros\u201d, se\u00f1al\u00f3 Rossi"},"content":{"rendered":"\n<p class=\"has-medium-font-size\"><strong>El intendente de Santa Elena, Domingo Daniel Rossi, en declaraciones radiales, hizo referencia a la detenci\u00f3n del Senado Edgardo Kueider en Paraguay con 200 mil d\u00f3lares, pesos y guaran\u00edes, y a la situaci\u00f3n actual del justicialismo entrerriano.<\/strong><\/p>\n\n\n\n<p>En declaraciones a Radio la Voz, Rossi indic\u00f3 que: \u201cEs una cuesti\u00f3n de un sistema que vengo denunciando desde hace m\u00e1s de 20 a\u00f1os: el dedo, el contubernio, la mafia que existe en sectores del Gobierno y que todav\u00eda siguen. Lo que ha pasado en estas \u00faltimas 24 horas es un poco la explosi\u00f3n de lo que venimos diciendo hace muchos a\u00f1os, ac\u00e1 hay law fare, han buscado perejiles, los contratos truchos quieren meterlos presos a los que llevan los bolsones\u201d.<\/p>\n\n\n\n<p>\u201cCreo que el justicialismo se va a preparar para el a\u00f1o que viene. Ac\u00e1 la Ley Electoral que propone Frigerio, con la Castrill\u00f3n adentro, que no se toca nada, nosotros estamos en contra, mientras no se derogue la Castrill\u00f3n. Hay un proyecto de ley presentado por la Senadora de nuestro departamento para derogar la Castrill\u00f3n. Pueden hacer lo que quieran, pero nosotros vamos a estar en contra, porque ac\u00e1 la Ley Electoral no es para el a\u00f1o que viene, es para el 2027. Adem\u00e1s no sabemos c\u00f3mo va a venir a nivel nacional, si va a haber PASO, no va a haber PASO, se va a aprobar el a\u00f1o que viene votar con boleta \u00fanica, as\u00ed que sacar ahora entre gallos y medianoche una Ley Electoral importante para Entre R\u00edos me parece que es responsabilidad del Gobierno y nosotros estamos en contra\u201d, destac\u00f3 el Intendente de Santa Elena.<\/p>\n\n\n\n<p>Consultado sobre la detenci\u00f3n de Edgardo Kueider en Paraguay precis\u00f3: \u201cEs una explosi\u00f3n de la corrupci\u00f3n que existi\u00f3 en el Gobierno de Bordet. Hay investigaciones que nunca marchan, \u00e9l es el due\u00f1o de departamentos. Que busquen a los ladrones, se quieren entretener conmigo, tenemos algunos voceros de la Justicia que quieren enredarnos. Busquen a los que robaron un presupuesto, los que robaron los contratos truchos, las cosechadoras truchas\u201d, apunt\u00f3.<\/p>\n","protected":false},"excerpt":{"rendered":"<p>El intendente de Santa Elena, Domingo Daniel Rossi, en declaraciones radiales, hizo referencia a la detenci&oacute;n del Senado Edgardo Kueider en Paraguay con 200 mil d&oacute;lares, pesos y guaran&iacute;es, y a la situaci&oacute;n actual del justicialismo entrerriano. En declaraciones a Radio la Voz, Rossi indic&oacute; que: &ldquo;Es una cuesti&oacute;n de un sistema que vengo denunciando [&hellip;]<\/p>\n","protected":false},"author":2,"featured_media":8087,"comment_status":"open","ping_status":"open","sticky":false,"template":"","format":"standard","meta":{"footnotes":""},"categories":[11,4],"tags":[620,1003,27,33,1778,67],"class_list":["post-8086","post","type-post","status-publish","format-standard","has-post-thumbnail","hentry","category-politica","category-provinciales","tag-daniel-rossi","tag-detencion","tag-edgardo-kueider","tag-entre-rios","tag-paraguay","tag-partido-justicialista"],"_links":{"self":[{"href":"https:\/\/impactodenoticias.com.ar\/index.php?rest_route=\/wp\/v2\/posts\/8086","targetHints":{"allow":["GET"]}}],"collection":[{"href":"https:\/\/impactodenoticias.com.ar\/index.php?rest_route=\/wp\/v2\/posts"}],"about":[{"href":"https:\/\/impactodenoticias.com.ar\/index.php?rest_route=\/wp\/v2\/types\/post"}],"author":[{"embeddable":true,"href":"https:\/\/impactodenoticias.com.ar\/index.php?rest_route=\/wp\/v2\/users\/2"}],"replies":[{"embeddable":true,"href":"https:\/\/impactodenoticias.com.ar\/index.php?rest_route=%2Fwp%2Fv2%2Fcomments&post=8086"}],"version-history":[{"count":1,"href":"https:\/\/impactodenoticias.com.ar\/index.php?rest_route=\/wp\/v2\/posts\/8086\/revisions"}],"predecessor-version":[{"id":8088,"href":"https:\/\/impactodenoticias.com.ar\/index.php?rest_route=\/wp\/v2\/posts\/8086\/revisions\/8088"}],"wp:featuredmedia":[{"embeddable":true,"href":"https:\/\/impactodenoticias.com.ar\/index.php?rest_route=\/wp\/v2\/media\/8087"}],"wp:attachment":[{"href":"https:\/\/impactodenoticias.com.ar\/index.php?rest_route=%2Fwp%2Fv2%2Fmedia&parent=8086"}],"wp:term":[{"taxonomy":"category","embeddable":true,"href":"https:\/\/impactodenoticias.com.ar\/index.php?rest_route=%2Fwp%2Fv2%2Fcategories&post=8086"},{"taxonomy":"post_tag","embeddable":true,"href":"https:\/\/impactodenoticias.com.ar\/index.php?rest_route=%2Fwp%2Fv2%2Ftags&post=8086"}],"curies":[{"name":"wp","href":"https:\/\/api.w.org\/{rel}","templated":true}]}}