{"id":8097,"date":"2024-12-05T16:08:40","date_gmt":"2024-12-05T19:08:40","guid":{"rendered":"https:\/\/impactodenoticias.com.ar\/?p=8097"},"modified":"2024-12-06T11:37:03","modified_gmt":"2024-12-06T14:37:03","slug":"edgardo-kueider-dio-a-conocer-su-intencion-de-permanecer-en-paraguay-mientras-se-lo-investiga","status":"publish","type":"post","link":"https:\/\/impactodenoticias.com.ar\/?p=8097","title":{"rendered":"Edgardo Kueider dio a conocer su intenci\u00f3n de permanecer en Paraguay mientras se lo investiga"},"content":{"rendered":"\n<h3 class=\"wp-block-heading\">Por medio de un comunicado enviado a este medio, el senador nacional Edgardo Kueider, expres\u00f3 su voluntad de permanecer en Paraguay, hasta que se aclaren los hechos, independientemente de la resoluci\u00f3n que tome el Juez esta tarde.<\/h3>\n\n\n\n<p><strong>El comunicado completo enviado a este medio:<\/strong><\/p>\n\n\n\n<blockquote class=\"wp-block-quote is-layout-flow wp-block-quote-is-layout-flow\">\n<p><em>El senador Nacional Edgardo Kueider consider\u00f3 que si bien a\u00fan no se resolvi\u00f3 su situaci\u00f3n procesal ante la Justicia de Paraguay est\u00e1 convencido que es necesaria su permanencia en ese pa\u00eds hasta que se esclarezcan los hechos que son de p\u00fablico conocimiento.<\/em><\/p>\n\n\n\n<p><em>Kueider mantendr\u00e1 una audiencia con el juez durante esta tarde. Antes de ella se\u00f1al\u00f3 que para \u00e9l es necesario permanecer en Paraguay a disposici\u00f3n de la Justicia de ese pa\u00eds, independientemente de c\u00f3mo el magistrado resuelva su situaci\u00f3n procesal.<\/em><\/p>\n\n\n\n<p><em>Oficina de Prensa del<br>Senador Nacional Edgardo Kueider<br>5 de diciembre de 2024<\/em><\/p>\n<\/blockquote>\n","protected":false},"excerpt":{"rendered":"<p>Por medio de un comunicado enviado a este medio, el senador nacional Edgardo Kueider, expres&oacute; su voluntad de permanecer en Paraguay, hasta que se aclaren los hechos, independientemente de la resoluci&oacute;n que tome el Juez esta tarde. El comunicado completo enviado a este medio: El senador Nacional Edgardo Kueider consider&oacute; que si bien a&uacute;n no [&hellip;]<\/p>\n","protected":false},"author":2,"featured_media":8098,"comment_status":"open","ping_status":"open","sticky":false,"template":"","format":"standard","meta":{"footnotes":""},"categories":[90,11,4],"tags":[447,27,1778],"class_list":["post-8097","post","type-post","status-publish","format-standard","has-post-thumbnail","hentry","category-judicial","category-politica","category-provinciales","tag-comunicado","tag-edgardo-kueider","tag-paraguay"],"_links":{"self":[{"href":"https:\/\/impactodenoticias.com.ar\/index.php?rest_route=\/wp\/v2\/posts\/8097","targetHints":{"allow":["GET"]}}],"collection":[{"href":"https:\/\/impactodenoticias.com.ar\/index.php?rest_route=\/wp\/v2\/posts"}],"about":[{"href":"https:\/\/impactodenoticias.com.ar\/index.php?rest_route=\/wp\/v2\/types\/post"}],"author":[{"embeddable":true,"href":"https:\/\/impactodenoticias.com.ar\/index.php?rest_route=\/wp\/v2\/users\/2"}],"replies":[{"embeddable":true,"href":"https:\/\/impactodenoticias.com.ar\/index.php?rest_route=%2Fwp%2Fv2%2Fcomments&post=8097"}],"version-history":[{"count":1,"href":"https:\/\/impactodenoticias.com.ar\/index.php?rest_route=\/wp\/v2\/posts\/8097\/revisions"}],"predecessor-version":[{"id":8099,"href":"https:\/\/impactodenoticias.com.ar\/index.php?rest_route=\/wp\/v2\/posts\/8097\/revisions\/8099"}],"wp:featuredmedia":[{"embeddable":true,"href":"https:\/\/impactodenoticias.com.ar\/index.php?rest_route=\/wp\/v2\/media\/8098"}],"wp:attachment":[{"href":"https:\/\/impactodenoticias.com.ar\/index.php?rest_route=%2Fwp%2Fv2%2Fmedia&parent=8097"}],"wp:term":[{"taxonomy":"category","embeddable":true,"href":"https:\/\/impactodenoticias.com.ar\/index.php?rest_route=%2Fwp%2Fv2%2Fcategories&post=8097"},{"taxonomy":"post_tag","embeddable":true,"href":"https:\/\/impactodenoticias.com.ar\/index.php?rest_route=%2Fwp%2Fv2%2Ftags&post=8097"}],"curies":[{"name":"wp","href":"https:\/\/api.w.org\/{rel}","templated":true}]}}