{"id":8138,"date":"2024-12-06T10:40:39","date_gmt":"2024-12-06T13:40:39","guid":{"rendered":"https:\/\/impactodenoticias.com.ar\/?p=8138"},"modified":"2024-12-07T10:48:15","modified_gmt":"2024-12-07T13:48:15","slug":"enersa-brindo-precisiones-sobre-los-cortes-en-el-suministro-de-energia-que-el-temporal-provoco-en-la-ciudad-de-parana","status":"publish","type":"post","link":"https:\/\/impactodenoticias.com.ar\/?p=8138","title":{"rendered":"Enersa brind\u00f3 precisiones sobre los cortes en el suministro de energ\u00eda que el temporal provoc\u00f3 en la ciudad de Paran\u00e1"},"content":{"rendered":"\n<h3 class=\"wp-block-heading\">Enersa brind\u00f3 detalles sobre las consecuencias del fuerte temporal que afect\u00f3 a varias ciudades de la provincia, entre las que se encuentran Paran\u00e1, Cerrito, Sauce Montrul, Gualeguay, Diamante y Bovril.<\/h3>\n\n\n\n<p>Las severas condiciones climatol\u00f3gicas han provocado la voladura de techos, adem\u00e1s de ca\u00edda de \u00e1rboles y postes, afectando el suministro el\u00e9ctrico de media y baja tensi\u00f3n en diversas zonas. Debido a esta situaci\u00f3n la empresa distribuidora de energ\u00eda el\u00e9ctrica brinda informaci\u00f3n actualizada sobre el estado del servicio por medio de sus redes sociales: EnersaArg.<\/p>\n\n\n\n<p>Ante situaciones como esta, Enersa activa su plan de contingencia, aumentando la cantidad de cuadrillas y colaborando estrechamente con las fuerzas p\u00fablicas desplegadas.<\/p>\n\n\n\n<p>El personal de la firma se encuentra trabajando para restablecer el servicio con la mayor rapidez posible.<\/p>\n\n\n\n<p>No obstante aclararon, que puede haber demoras en algunas \u00e1reas, especialmente en zonas rurales y sub-rurales, donde las condiciones clim\u00e1ticas y del terreno dificultan el acceso de las cuadrillas a los lugares afectados.<\/p>\n\n\n\n<p><strong>Los canales de contacto de Enersa son:<\/strong><\/p>\n\n\n\n<p>Tel: S.A.T.I. 0800-777-0080<\/p>\n\n\n\n<p>Web: <a href=\"http:\/\/www.enersa.com.ar\">www.enersa.com.ar<\/a><\/p>\n\n\n\n<p>Redes sociales: <a href=\"http:\/\/@enersaarg\">@enersaarg<\/a><\/p>\n","protected":false},"excerpt":{"rendered":"<p>Enersa brind&oacute; detalles sobre las consecuencias del fuerte temporal que afect&oacute; a varias ciudades de la provincia, entre las que se encuentran Paran&aacute;, Cerrito, Sauce Montrul, Gualeguay, Diamante y Bovril. Las severas condiciones climatol&oacute;gicas han provocado la voladura de techos, adem&aacute;s de ca&iacute;da de &aacute;rboles y postes, afectando el suministro el&eacute;ctrico de media y baja [&hellip;]<\/p>\n","protected":false},"author":2,"featured_media":8139,"comment_status":"open","ping_status":"open","sticky":false,"template":"","format":"standard","meta":{"footnotes":""},"categories":[3,49],"tags":[3356,409,82],"class_list":["post-8138","post","type-post","status-publish","format-standard","has-post-thumbnail","hentry","category-locales","category-sociedad","tag-cortes","tag-enersa","tag-luz"],"_links":{"self":[{"href":"https:\/\/impactodenoticias.com.ar\/index.php?rest_route=\/wp\/v2\/posts\/8138","targetHints":{"allow":["GET"]}}],"collection":[{"href":"https:\/\/impactodenoticias.com.ar\/index.php?rest_route=\/wp\/v2\/posts"}],"about":[{"href":"https:\/\/impactodenoticias.com.ar\/index.php?rest_route=\/wp\/v2\/types\/post"}],"author":[{"embeddable":true,"href":"https:\/\/impactodenoticias.com.ar\/index.php?rest_route=\/wp\/v2\/users\/2"}],"replies":[{"embeddable":true,"href":"https:\/\/impactodenoticias.com.ar\/index.php?rest_route=%2Fwp%2Fv2%2Fcomments&post=8138"}],"version-history":[{"count":2,"href":"https:\/\/impactodenoticias.com.ar\/index.php?rest_route=\/wp\/v2\/posts\/8138\/revisions"}],"predecessor-version":[{"id":8141,"href":"https:\/\/impactodenoticias.com.ar\/index.php?rest_route=\/wp\/v2\/posts\/8138\/revisions\/8141"}],"wp:featuredmedia":[{"embeddable":true,"href":"https:\/\/impactodenoticias.com.ar\/index.php?rest_route=\/wp\/v2\/media\/8139"}],"wp:attachment":[{"href":"https:\/\/impactodenoticias.com.ar\/index.php?rest_route=%2Fwp%2Fv2%2Fmedia&parent=8138"}],"wp:term":[{"taxonomy":"category","embeddable":true,"href":"https:\/\/impactodenoticias.com.ar\/index.php?rest_route=%2Fwp%2Fv2%2Fcategories&post=8138"},{"taxonomy":"post_tag","embeddable":true,"href":"https:\/\/impactodenoticias.com.ar\/index.php?rest_route=%2Fwp%2Fv2%2Ftags&post=8138"}],"curies":[{"name":"wp","href":"https:\/\/api.w.org\/{rel}","templated":true}]}}