{"id":8159,"date":"2024-12-06T20:14:17","date_gmt":"2024-12-06T23:14:17","guid":{"rendered":"https:\/\/impactodenoticias.com.ar\/?p=8159"},"modified":"2024-12-07T10:47:47","modified_gmt":"2024-12-07T13:47:47","slug":"presentan-una-iniciativa-que-propone-igualar-las-licencias-por-adopcion-a-las-de-paternidad-en-el-estado-entrerriano","status":"publish","type":"post","link":"https:\/\/impactodenoticias.com.ar\/?p=8159","title":{"rendered":"Presentan una iniciativa que propone igualar las licencias por adopci\u00f3n a las de paternidad en el Estado entrerriano"},"content":{"rendered":"\n<h3 class=\"wp-block-heading\">Un proyecto de ley presentado en la C\u00e1mara de Diputados busca ampliar los derechos de los empleados provinciales que adopten hijos.<\/h3>\n\n\n\n<p>Un proyecto de ley ingresado en la C\u00e1mara de Diputados de Entre R\u00edos impulsa una modificaci\u00f3n al Estatuto del Empleado P\u00fablico de la Provincia para ampliar los derechos a la licencia por adopci\u00f3n y equipararla a los beneficios que otorga la licencia por maternidad y paternidad, entre otros cambios.<\/p>\n\n\n\n<p>Primero, se propone equiparar la cantidad de d\u00edas de licencia con motivo de adopci\u00f3n a los previstos por nacimiento (maternidad), que actualmente son 90. El proyecto justifica que el C\u00f3digo Civil y Comercial de la Naci\u00f3n Argentino que entr\u00f3 en vigencia en agosto de 2015 postula el principio de igualdad entre los distintos tipos de fuentes filiales (natural, por adopci\u00f3n y por t\u00e9cnicas de reproducci\u00f3n asistida).<\/p>\n\n\n\n<p>Tambi\u00e9n plantea el otorgamiento de licencia por adopci\u00f3n en dos etapas. Una primera para \u201casistir a talleres, entrevistas y\/o audiencias judiciales\u201d de hasta cinco d\u00edas h\u00e1biles por a\u00f1o. Incluye las actividades indicadas por el equipo t\u00e9cnico del Registro de Aspirantes a Guarda con Fines Adoptivos (RUAER) y audiencias judiciales convocadas por los Juzgados de Familia del Poder Judicial. Esto abarca adem\u00e1s la vinculaci\u00f3n previa al otorgamiento de la guarda con fines adoptivos.<\/p>\n\n\n\n<p>La iniciativa plantea el otorgamiento de 90 d\u00edas h\u00e1biles anuales, corridos o discontinuos, para la etapa de vinculaci\u00f3n, que puede prorrogarse por 30 d\u00edas m\u00e1s en caso de tratarse de ni\u00f1os, ni\u00f1as o adolescentes con discapacidad y\/o en caso de proyectos adoptivos m\u00faltiples de dos o m\u00e1s ni\u00f1os.<\/p>\n\n\n\n<p>Posteriormente una vez finalizadas las licencias por vinculaci\u00f3n y de guarda con fines adoptivos y por adopci\u00f3n, los agentes podr\u00edan optar por una licencia sin goce de haberes de hasta seis meses.<\/p>\n\n\n\n<p>El proyecto aclara que si ambos adoptantes fueran empleados del Estado provincial, la licencia de vinculaci\u00f3n s\u00f3lo corresponder\u00e1 a uno de ellos, pero podr\u00e1n alternarse.<\/p>\n\n\n\n<p>Finalmente, el proyecto de ley, con autor\u00eda de la diputada Mariana Bentos, invita a los municipios y comunas de la provincia a regular las licencias por adopci\u00f3n de sus respectivos empleados con los mismos par\u00e1metros que se promueven para el nivel provincial.<\/p>\n","protected":false},"excerpt":{"rendered":"<p>Un proyecto de ley presentado en la C&aacute;mara de Diputados busca ampliar los derechos de los empleados provinciales que adopten hijos. Un proyecto de ley ingresado en la C&aacute;mara de Diputados de Entre R&iacute;os impulsa una modificaci&oacute;n al Estatuto del Empleado P&uacute;blico de la Provincia para ampliar los derechos a la licencia por adopci&oacute;n y [&hellip;]<\/p>\n","protected":false},"author":2,"featured_media":8160,"comment_status":"open","ping_status":"open","sticky":false,"template":"","format":"standard","meta":{"footnotes":""},"categories":[11,4],"tags":[3367,33,3365,3364,3366,3368],"class_list":["post-8159","post","type-post","status-publish","format-standard","has-post-thumbnail","hentry","category-politica","category-provinciales","tag-adopcion","tag-entre-rios","tag-iguala","tag-iniciativa","tag-licencias","tag-paternidad"],"_links":{"self":[{"href":"https:\/\/impactodenoticias.com.ar\/index.php?rest_route=\/wp\/v2\/posts\/8159","targetHints":{"allow":["GET"]}}],"collection":[{"href":"https:\/\/impactodenoticias.com.ar\/index.php?rest_route=\/wp\/v2\/posts"}],"about":[{"href":"https:\/\/impactodenoticias.com.ar\/index.php?rest_route=\/wp\/v2\/types\/post"}],"author":[{"embeddable":true,"href":"https:\/\/impactodenoticias.com.ar\/index.php?rest_route=\/wp\/v2\/users\/2"}],"replies":[{"embeddable":true,"href":"https:\/\/impactodenoticias.com.ar\/index.php?rest_route=%2Fwp%2Fv2%2Fcomments&post=8159"}],"version-history":[{"count":1,"href":"https:\/\/impactodenoticias.com.ar\/index.php?rest_route=\/wp\/v2\/posts\/8159\/revisions"}],"predecessor-version":[{"id":8161,"href":"https:\/\/impactodenoticias.com.ar\/index.php?rest_route=\/wp\/v2\/posts\/8159\/revisions\/8161"}],"wp:featuredmedia":[{"embeddable":true,"href":"https:\/\/impactodenoticias.com.ar\/index.php?rest_route=\/wp\/v2\/media\/8160"}],"wp:attachment":[{"href":"https:\/\/impactodenoticias.com.ar\/index.php?rest_route=%2Fwp%2Fv2%2Fmedia&parent=8159"}],"wp:term":[{"taxonomy":"category","embeddable":true,"href":"https:\/\/impactodenoticias.com.ar\/index.php?rest_route=%2Fwp%2Fv2%2Fcategories&post=8159"},{"taxonomy":"post_tag","embeddable":true,"href":"https:\/\/impactodenoticias.com.ar\/index.php?rest_route=%2Fwp%2Fv2%2Ftags&post=8159"}],"curies":[{"name":"wp","href":"https:\/\/api.w.org\/{rel}","templated":true}]}}