{"id":8164,"date":"2024-12-07T09:47:12","date_gmt":"2024-12-07T12:47:12","guid":{"rendered":"https:\/\/impactodenoticias.com.ar\/?p=8164"},"modified":"2024-12-07T09:47:12","modified_gmt":"2024-12-07T12:47:12","slug":"clima-en-entre-rios-se-anticipa-un-sabado-con-buen-tiempo-en-todo-el-territorio-de-la-provincia","status":"publish","type":"post","link":"https:\/\/impactodenoticias.com.ar\/?p=8164","title":{"rendered":"Clima en Entre R\u00edos: se anticipa un s\u00e1bado con buen tiempo en todo el territorio de la provincia"},"content":{"rendered":"\n<h3 class=\"wp-block-heading\">Este s\u00e1bado se inicia con fuertes vientos por la ma\u00f1ana. Con el correr de las horas hacia la tarde se espera un mejoramiento del clima.<\/h3>\n\n\n\n<p>El Servicio Meteorol\u00f3gico Nacional -SMN- anuncia buenas condiciones climatol\u00f3gicas para este s\u00e1bado 7 de diciembre en Entre R\u00edos, con temperaturas agradables durante toda la jornada.<\/p>\n\n\n\n<p>El d\u00eda se presentar\u00e1 con nubocidad variable. No hay anuncio de precipitaciones. Durante la ma\u00f1ana soplar\u00e1 viento del sur.<\/p>\n\n\n\n<p><\/p>\n\n\n\n<figure class=\"wp-block-image size-full\"><img loading=\"lazy\" decoding=\"async\" width=\"680\" height=\"555\" src=\"https:\/\/impactodenoticias.com.ar\/wp-content\/uploads\/2024\/12\/scrnli_hq262BoC163q7d.png\" alt=\"\" class=\"wp-image-8165\" srcset=\"https:\/\/impactodenoticias.com.ar\/wp-content\/uploads\/2024\/12\/scrnli_hq262BoC163q7d.png 680w, https:\/\/impactodenoticias.com.ar\/wp-content\/uploads\/2024\/12\/scrnli_hq262BoC163q7d-300x245.png 300w\" sizes=\"auto, (max-width: 680px) 100vw, 680px\" \/><\/figure>\n\n\n\n<p><\/p>\n\n\n\n<p>En Paran\u00e1, La Paz, Villaguay, Diamante y Nogoy\u00e1 se pronostica la temperatura m\u00ednima de 18 grados y la m\u00e1xima alcanzar\u00e1 los 26 grados. En la capital y alrededores se aguarda una jornada con cielo parcialmente nublado.<\/p>\n\n\n\n<p>Mientras que en Concordia, Federal, Feliciano, Federaci\u00f3n y San Salvador, en tanto, se anticipa una m\u00ednima de 18 grados y una m\u00e1xima de 26 grados. Se prev\u00e9 un d\u00eda soleado con nubosidad variable.<\/p>\n\n\n\n<p>En Gualeguaych\u00fa, Col\u00f3n, Uruguay, Tala e Islas, se espera una m\u00ednima de 16 grados y una m\u00e1xima de 22 grados. La jornada se presentar\u00e1 con sol.<\/p>\n\n\n\n<p>Mientas que en Victoria y Gualeguay pronostican 16 grados de m\u00ednima y 22 grados de m\u00e1xima, con cielo parcialmente y algo nublado.<\/p>\n","protected":false},"excerpt":{"rendered":"<p>Este s&aacute;bado se inicia con fuertes vientos por la ma&ntilde;ana. Con el correr de las horas hacia la tarde se espera un mejoramiento del clima. El Servicio Meteorol&oacute;gico Nacional -SMN- anuncia buenas condiciones climatol&oacute;gicas para este s&aacute;bado 7 de diciembre en Entre R&iacute;os, con temperaturas agradables durante toda la jornada. El d&iacute;a se presentar&aacute; con [&hellip;]<\/p>\n","protected":false},"author":2,"featured_media":8166,"comment_status":"open","ping_status":"open","sticky":false,"template":"","format":"standard","meta":{"footnotes":""},"categories":[4,49],"tags":[38,33],"class_list":["post-8164","post","type-post","status-publish","format-standard","has-post-thumbnail","hentry","category-provinciales","category-sociedad","tag-clima","tag-entre-rios"],"_links":{"self":[{"href":"https:\/\/impactodenoticias.com.ar\/index.php?rest_route=\/wp\/v2\/posts\/8164","targetHints":{"allow":["GET"]}}],"collection":[{"href":"https:\/\/impactodenoticias.com.ar\/index.php?rest_route=\/wp\/v2\/posts"}],"about":[{"href":"https:\/\/impactodenoticias.com.ar\/index.php?rest_route=\/wp\/v2\/types\/post"}],"author":[{"embeddable":true,"href":"https:\/\/impactodenoticias.com.ar\/index.php?rest_route=\/wp\/v2\/users\/2"}],"replies":[{"embeddable":true,"href":"https:\/\/impactodenoticias.com.ar\/index.php?rest_route=%2Fwp%2Fv2%2Fcomments&post=8164"}],"version-history":[{"count":1,"href":"https:\/\/impactodenoticias.com.ar\/index.php?rest_route=\/wp\/v2\/posts\/8164\/revisions"}],"predecessor-version":[{"id":8167,"href":"https:\/\/impactodenoticias.com.ar\/index.php?rest_route=\/wp\/v2\/posts\/8164\/revisions\/8167"}],"wp:featuredmedia":[{"embeddable":true,"href":"https:\/\/impactodenoticias.com.ar\/index.php?rest_route=\/wp\/v2\/media\/8166"}],"wp:attachment":[{"href":"https:\/\/impactodenoticias.com.ar\/index.php?rest_route=%2Fwp%2Fv2%2Fmedia&parent=8164"}],"wp:term":[{"taxonomy":"category","embeddable":true,"href":"https:\/\/impactodenoticias.com.ar\/index.php?rest_route=%2Fwp%2Fv2%2Fcategories&post=8164"},{"taxonomy":"post_tag","embeddable":true,"href":"https:\/\/impactodenoticias.com.ar\/index.php?rest_route=%2Fwp%2Fv2%2Ftags&post=8164"}],"curies":[{"name":"wp","href":"https:\/\/api.w.org\/{rel}","templated":true}]}}