{"id":8173,"date":"2024-12-07T10:04:38","date_gmt":"2024-12-07T13:04:38","guid":{"rendered":"https:\/\/impactodenoticias.com.ar\/?p=8173"},"modified":"2024-12-08T11:35:13","modified_gmt":"2024-12-08T14:35:13","slug":"ater-verifico-construcciones-no-declaradas-y-propiedades-subvaluadas-en-parana","status":"publish","type":"post","link":"https:\/\/impactodenoticias.com.ar\/?p=8173","title":{"rendered":"ATER verific\u00f3 construcciones no declaradas y propiedades subvaluadas en Paran\u00e1"},"content":{"rendered":"\n<h3 class=\"wp-block-heading\">Fue en el marco de operativos de verificaci\u00f3n llevados adelante en propiedades horizontales, comercios, hoteles y barrios privados de la ciudad capital.<\/h3>\n\n\n\n<p>La Administradora Tributaria de Entre R\u00edos (ATER), realiz\u00f3 operativos de verificaci\u00f3n catastral en edificios de propiedad horizontal, locales gastron\u00f3micos, hoteles y barrios privados de Paran\u00e1, continuando las acciones que apuntan a prevenir la evasi\u00f3n impositiva.<\/p>\n\n\n\n<p><\/p>\n\n\n\n<figure class=\"wp-block-image size-full\"><img loading=\"lazy\" decoding=\"async\" width=\"700\" height=\"458\" src=\"https:\/\/impactodenoticias.com.ar\/wp-content\/uploads\/2024\/12\/descarga-1.png\" alt=\"\" class=\"wp-image-8175\" srcset=\"https:\/\/impactodenoticias.com.ar\/wp-content\/uploads\/2024\/12\/descarga-1.png 700w, https:\/\/impactodenoticias.com.ar\/wp-content\/uploads\/2024\/12\/descarga-1-300x196.png 300w\" sizes=\"auto, (max-width: 700px) 100vw, 700px\" \/><\/figure>\n\n\n\n<p><\/p>\n\n\n\n<p>Las inspecciones detectaron irregularidades fiscales vinculadas a construcciones no declaradas y propiedades subvaluadas, una vez verificada la informaci\u00f3n se procedi\u00f3 a efectivizar las notificaciones y sanciones correspondientes.<\/p>\n\n\n\n<p>El director ejecutivo de ATER, Jes\u00fas Korell, subray\u00f3 que este trabajo busca un impacto directo en la mejora de la recaudaci\u00f3n: \u201cEstamos controlando m\u00e1s y mejor, para que Entre R\u00edos cuente con recursos para volver a crecer\u201d.<\/p>\n\n\n\n<p>Adem\u00e1s destac\u00f3 el perjuicio que genera la evasi\u00f3n: \u201cCada evasor que no paga impuestos le resta fondos a la educaci\u00f3n, a la salud, a la seguridad de los entrerrianos\u201d, advirti\u00f3. \u201cCuando los evasores no pagan, pagamos todos; por eso nuestro compromiso es poner orden donde hay irregularidades, para garantizar que los recursos lleguen donde tienen que llegar\u201d, se\u00f1al\u00f3.<\/p>\n\n\n\n<p>Los operativos que se desarrollaron en la capital provincial permitieron actualizar las valuaciones fiscales de diversas propiedades. Estas acciones forman parte de un plan estrat\u00e9gico que tiene como meta fortalecer la recaudaci\u00f3n tributaria y asegurar que los fondos se destinen a \u00e1reas clave para el desarrollo de la provincia.<\/p>\n\n\n\n<p>Cabe se\u00f1alar que estos procedimientos, que tambi\u00e9n se llevan a cabo en todo el territorio provincial, refuerzan la premisa de que una administraci\u00f3n tributaria eficaz es fundamental para que Entre R\u00edos recupere su dinamismo y consolide un crecimiento sostenible.<\/p>\n","protected":false},"excerpt":{"rendered":"<p>Fue en el marco de operativos de verificaci&oacute;n llevados adelante en propiedades horizontales, comercios, hoteles y barrios privados de la ciudad capital. La Administradora Tributaria de Entre R&iacute;os (ATER), realiz&oacute; operativos de verificaci&oacute;n catastral en edificios de propiedad horizontal, locales gastron&oacute;micos, hoteles y barrios privados de Paran&aacute;, continuando las acciones que apuntan a prevenir la [&hellip;]<\/p>\n","protected":false},"author":2,"featured_media":8174,"comment_status":"open","ping_status":"open","sticky":false,"template":"","format":"standard","meta":{"footnotes":""},"categories":[3,49],"tags":[462,3372,3373,3371,3374],"class_list":["post-8173","post","type-post","status-publish","format-standard","has-post-thumbnail","hentry","category-locales","category-sociedad","tag-ater","tag-construcciones","tag-declaradas","tag-deteccion","tag-subvaluadas"],"_links":{"self":[{"href":"https:\/\/impactodenoticias.com.ar\/index.php?rest_route=\/wp\/v2\/posts\/8173","targetHints":{"allow":["GET"]}}],"collection":[{"href":"https:\/\/impactodenoticias.com.ar\/index.php?rest_route=\/wp\/v2\/posts"}],"about":[{"href":"https:\/\/impactodenoticias.com.ar\/index.php?rest_route=\/wp\/v2\/types\/post"}],"author":[{"embeddable":true,"href":"https:\/\/impactodenoticias.com.ar\/index.php?rest_route=\/wp\/v2\/users\/2"}],"replies":[{"embeddable":true,"href":"https:\/\/impactodenoticias.com.ar\/index.php?rest_route=%2Fwp%2Fv2%2Fcomments&post=8173"}],"version-history":[{"count":1,"href":"https:\/\/impactodenoticias.com.ar\/index.php?rest_route=\/wp\/v2\/posts\/8173\/revisions"}],"predecessor-version":[{"id":8176,"href":"https:\/\/impactodenoticias.com.ar\/index.php?rest_route=\/wp\/v2\/posts\/8173\/revisions\/8176"}],"wp:featuredmedia":[{"embeddable":true,"href":"https:\/\/impactodenoticias.com.ar\/index.php?rest_route=\/wp\/v2\/media\/8174"}],"wp:attachment":[{"href":"https:\/\/impactodenoticias.com.ar\/index.php?rest_route=%2Fwp%2Fv2%2Fmedia&parent=8173"}],"wp:term":[{"taxonomy":"category","embeddable":true,"href":"https:\/\/impactodenoticias.com.ar\/index.php?rest_route=%2Fwp%2Fv2%2Fcategories&post=8173"},{"taxonomy":"post_tag","embeddable":true,"href":"https:\/\/impactodenoticias.com.ar\/index.php?rest_route=%2Fwp%2Fv2%2Ftags&post=8173"}],"curies":[{"name":"wp","href":"https:\/\/api.w.org\/{rel}","templated":true}]}}