{"id":8220,"date":"2024-12-08T10:04:08","date_gmt":"2024-12-08T13:04:08","guid":{"rendered":"https:\/\/impactodenoticias.com.ar\/?p=8220"},"modified":"2024-12-08T10:04:08","modified_gmt":"2024-12-08T13:04:08","slug":"ruta-12-el-conductor-de-un-automovil-tuvo-que-ser-hospitalizado-tras-embestir-un-camion-desde-atras","status":"publish","type":"post","link":"https:\/\/impactodenoticias.com.ar\/?p=8220","title":{"rendered":"Ruta 12: el conductor de un autom\u00f3vil tuvo que ser hospitalizado tras embestir un cami\u00f3n desde atr\u00e1s"},"content":{"rendered":"\n<p class=\"has-medium-font-size\"><strong>Un auto choc\u00f3 de atr\u00e1s a un cami\u00f3n. El accidente vial se produjo en la Ruta 12, en el ingreso a San Benito, en zona semaforizada. El conductor fue hospitalizado.<\/strong><\/p>\n\n\n\n<p>Un veh\u00edculo choc\u00f3 de atr\u00e1s a un cami\u00f3n en Ruta 12, en el ingreso a la localidad de San Benito. Debido a la violencia del impacto, el conductor del veh\u00edculo de menor porte fue hospitalizado.<\/p>\n\n\n\n<p>El siniestro vial se produjo a las 2.45 de la madrugada de este domingo. Ocurri\u00f3 en la Ruta 12 y Avenida Marizza, en la zona de sem\u00e1foros.<\/p>\n\n\n\n<p>Un auto marca Volkswagen Gol choc\u00f3 de atr\u00e1s a un cami\u00f3n Dodge DP800, conducido por un hombre de 46 a\u00f1os, que estaba parado en el sem\u00e1foro y sinti\u00f3 el golpe cuando cambi\u00f3 a verde.<\/p>\n\n\n\n<p>Tras el impacto, el conductor del Gol, de 36 a\u00f1os, fue trasladado al Hospital San Mart\u00edn de Paran\u00e1 para su atenci\u00f3n.<\/p>\n\n\n\n<p>Intervino en el lugar el personal de Comisar\u00eda San Benito y Accidentolog\u00eda Vial.<\/p>\n","protected":false},"excerpt":{"rendered":"<p>Un auto choc&oacute; de atr&aacute;s a un cami&oacute;n. El accidente vial se produjo en la Ruta 12, en el ingreso a San Benito, en zona semaforizada. El conductor fue hospitalizado. Un veh&iacute;culo choc&oacute; de atr&aacute;s a un cami&oacute;n en Ruta 12, en el ingreso a la localidad de San Benito. Debido a la violencia del [&hellip;]<\/p>\n","protected":false},"author":2,"featured_media":8221,"comment_status":"open","ping_status":"open","sticky":false,"template":"","format":"standard","meta":{"footnotes":""},"categories":[3,8],"tags":[120,566,545,389,293,386],"class_list":["post-8220","post","type-post","status-publish","format-standard","has-post-thumbnail","hentry","category-locales","category-policiales","tag-accidente","tag-automovil","tag-camion","tag-herido","tag-ruta-12","tag-san-benito"],"_links":{"self":[{"href":"https:\/\/impactodenoticias.com.ar\/index.php?rest_route=\/wp\/v2\/posts\/8220","targetHints":{"allow":["GET"]}}],"collection":[{"href":"https:\/\/impactodenoticias.com.ar\/index.php?rest_route=\/wp\/v2\/posts"}],"about":[{"href":"https:\/\/impactodenoticias.com.ar\/index.php?rest_route=\/wp\/v2\/types\/post"}],"author":[{"embeddable":true,"href":"https:\/\/impactodenoticias.com.ar\/index.php?rest_route=\/wp\/v2\/users\/2"}],"replies":[{"embeddable":true,"href":"https:\/\/impactodenoticias.com.ar\/index.php?rest_route=%2Fwp%2Fv2%2Fcomments&post=8220"}],"version-history":[{"count":1,"href":"https:\/\/impactodenoticias.com.ar\/index.php?rest_route=\/wp\/v2\/posts\/8220\/revisions"}],"predecessor-version":[{"id":8222,"href":"https:\/\/impactodenoticias.com.ar\/index.php?rest_route=\/wp\/v2\/posts\/8220\/revisions\/8222"}],"wp:featuredmedia":[{"embeddable":true,"href":"https:\/\/impactodenoticias.com.ar\/index.php?rest_route=\/wp\/v2\/media\/8221"}],"wp:attachment":[{"href":"https:\/\/impactodenoticias.com.ar\/index.php?rest_route=%2Fwp%2Fv2%2Fmedia&parent=8220"}],"wp:term":[{"taxonomy":"category","embeddable":true,"href":"https:\/\/impactodenoticias.com.ar\/index.php?rest_route=%2Fwp%2Fv2%2Fcategories&post=8220"},{"taxonomy":"post_tag","embeddable":true,"href":"https:\/\/impactodenoticias.com.ar\/index.php?rest_route=%2Fwp%2Fv2%2Ftags&post=8220"}],"curies":[{"name":"wp","href":"https:\/\/api.w.org\/{rel}","templated":true}]}}