{"id":8237,"date":"2024-12-08T21:33:45","date_gmt":"2024-12-09T00:33:45","guid":{"rendered":"https:\/\/impactodenoticias.com.ar\/?p=8237"},"modified":"2024-12-10T11:30:55","modified_gmt":"2024-12-10T14:30:55","slug":"exclusivo-los-audios-de-kueider-con-karina-milei","status":"publish","type":"post","link":"https:\/\/impactodenoticias.com.ar\/?p=8237","title":{"rendered":"EXCLUSIVO: los audios de Kuieder"},"content":{"rendered":"\n<h3 class=\"wp-block-heading\"><strong>Impacto de noticias accedi\u00f3 a audios de Edgardo Kueider, en plena campa\u00f1a 2023 en Entre R\u00edos.<\/strong><\/h3>\n\n\n\n<p>En plena campa\u00f1a 2023, en la provincia de Entre R\u00edos, el senador nacional Edgardo Kueider se expresa dando cuenta que ya desde ese momento Javier Milei contaba con el apoyo del senador peronista, para el armado de la lista de la Libertad Avanza en la provincia.<\/p>\n\n\n\n<p>Los audios<\/p>\n\n\n\n<p><strong>EXCLUSIVO DE IMPACTO DE NOTICIAS:<\/strong><\/p>\n\n\n\n<figure class=\"wp-block-audio\"><audio controls src=\"https:\/\/impactodenoticias.com.ar\/wp-content\/uploads\/2024\/12\/WhatsApp-Audio-2024-12-06-at-22.34.39-1-1.ogg\"><\/audio><\/figure>\n\n\n\n<figure class=\"wp-block-audio\"><audio controls src=\"https:\/\/impactodenoticias.com.ar\/wp-content\/uploads\/2024\/12\/WhatsApp-Audio-2024-12-06-at-22.34.38-2.ogg\"><\/audio><\/figure>\n\n\n\n<figure class=\"wp-block-audio\"><audio controls src=\"https:\/\/impactodenoticias.com.ar\/wp-content\/uploads\/2024\/12\/WhatsApp-Audio-2024-12-06-at-22.34.38.ogg\"><\/audio><\/figure>\n\n\n\n<figure class=\"wp-block-audio\"><audio controls src=\"https:\/\/impactodenoticias.com.ar\/wp-content\/uploads\/2024\/12\/WhatsApp-Audio-2024-12-06-at-22.34.37.ogg\"><\/audio><\/figure>\n\n\n","protected":false},"excerpt":{"rendered":"<p>Impacto de noticias accedi&oacute; a audios de Edgardo Kueider, en plena campa&ntilde;a 2023 en Entre R&iacute;os. En plena campa&ntilde;a 2023, en la provincia de Entre R&iacute;os, el senador nacional Edgardo Kueider se expresa dando cuenta que ya desde ese momento Javier Milei contaba con el apoyo del senador peronista, para el armado de la lista [&hellip;]<\/p>\n","protected":false},"author":2,"featured_media":8136,"comment_status":"open","ping_status":"open","sticky":false,"template":"","format":"standard","meta":{"footnotes":""},"categories":[11,4],"tags":[3390,27,2767],"class_list":["post-8237","post","type-post","status-publish","format-standard","has-post-thumbnail","hentry","category-politica","category-provinciales","tag-audios","tag-edgardo-kueider","tag-karina-milei"],"_links":{"self":[{"href":"https:\/\/impactodenoticias.com.ar\/index.php?rest_route=\/wp\/v2\/posts\/8237","targetHints":{"allow":["GET"]}}],"collection":[{"href":"https:\/\/impactodenoticias.com.ar\/index.php?rest_route=\/wp\/v2\/posts"}],"about":[{"href":"https:\/\/impactodenoticias.com.ar\/index.php?rest_route=\/wp\/v2\/types\/post"}],"author":[{"embeddable":true,"href":"https:\/\/impactodenoticias.com.ar\/index.php?rest_route=\/wp\/v2\/users\/2"}],"replies":[{"embeddable":true,"href":"https:\/\/impactodenoticias.com.ar\/index.php?rest_route=%2Fwp%2Fv2%2Fcomments&post=8237"}],"version-history":[{"count":4,"href":"https:\/\/impactodenoticias.com.ar\/index.php?rest_route=\/wp\/v2\/posts\/8237\/revisions"}],"predecessor-version":[{"id":8284,"href":"https:\/\/impactodenoticias.com.ar\/index.php?rest_route=\/wp\/v2\/posts\/8237\/revisions\/8284"}],"wp:featuredmedia":[{"embeddable":true,"href":"https:\/\/impactodenoticias.com.ar\/index.php?rest_route=\/wp\/v2\/media\/8136"}],"wp:attachment":[{"href":"https:\/\/impactodenoticias.com.ar\/index.php?rest_route=%2Fwp%2Fv2%2Fmedia&parent=8237"}],"wp:term":[{"taxonomy":"category","embeddable":true,"href":"https:\/\/impactodenoticias.com.ar\/index.php?rest_route=%2Fwp%2Fv2%2Fcategories&post=8237"},{"taxonomy":"post_tag","embeddable":true,"href":"https:\/\/impactodenoticias.com.ar\/index.php?rest_route=%2Fwp%2Fv2%2Ftags&post=8237"}],"curies":[{"name":"wp","href":"https:\/\/api.w.org\/{rel}","templated":true}]}}