{"id":8252,"date":"2024-12-09T09:54:06","date_gmt":"2024-12-09T12:54:06","guid":{"rendered":"https:\/\/impactodenoticias.com.ar\/?p=8252"},"modified":"2024-12-09T09:54:06","modified_gmt":"2024-12-09T12:54:06","slug":"clima-en-entre-rios-pronostican-hasta-35-grados","status":"publish","type":"post","link":"https:\/\/impactodenoticias.com.ar\/?p=8252","title":{"rendered":"Clima en Entre R\u00edos: pronostican hasta 35\u00b0 grados"},"content":{"rendered":"\n<h3 class=\"wp-block-heading\">El Servicio Meteorol\u00f3gico Nacional -SMN- informa una semana de calor intenso para Entre R\u00edos, se esperan d\u00edas con temperaturas que podr\u00eda tocar los 34\u00b0 grados. No se anuncian inestabilidades.<\/h3>\n\n\n\n<p>Las temperaturas comienzan a incrementarse a partir de este lunes en todo el territorio provincial. Los d\u00edas m\u00e1s calurosos de la semana se dar\u00e1n a partir del jueves y s\u00e1bado.<\/p>\n\n\n\n<p><\/p>\n\n\n\n<figure class=\"wp-block-image size-full\"><img loading=\"lazy\" decoding=\"async\" width=\"681\" height=\"558\" src=\"https:\/\/impactodenoticias.com.ar\/wp-content\/uploads\/2024\/12\/scrnli_be403LWE018sJj.png\" alt=\"\" class=\"wp-image-8253\" srcset=\"https:\/\/impactodenoticias.com.ar\/wp-content\/uploads\/2024\/12\/scrnli_be403LWE018sJj.png 681w, https:\/\/impactodenoticias.com.ar\/wp-content\/uploads\/2024\/12\/scrnli_be403LWE018sJj-300x246.png 300w\" sizes=\"auto, (max-width: 681px) 100vw, 681px\" \/><\/figure>\n\n\n\n<p><\/p>\n\n\n\n<p>En Paran\u00e1, La Paz, Diamante, Nogoy\u00e1 y Villaguay se espera 14 grados de m\u00ednima y 28 grados de m\u00e1xima. El cielo estar\u00e1 parcialmente nublado de ma\u00f1ana y algo nublado por la tarde y noche.<\/p>\n\n\n\n<p>Mientras que en Concordia, Federal, Feliciano, Federaci\u00f3n y San Salvador, se aguardan 14 grados de m\u00ednima y 28 grados de m\u00e1xima. La nubosidad ser\u00e1 elevada durante el d\u00eda.<\/p>\n\n\n\n<p>En Gualeguaych\u00fa, Uruguay, Tala, Col\u00f3n e Islas del Ibicuy se pronostican 14 grados de m\u00ednima y 28 grados de m\u00e1xima. El cielo estar\u00e1 parcialmente nublado.<\/p>\n\n\n\n<p>En Victoria y Gualeguay se esperan 12 grados de m\u00ednima y 29 grados de m\u00e1xima, con cielo parcialmente nublado durante todo el d\u00eda.<\/p>\n","protected":false},"excerpt":{"rendered":"<p>El Servicio Meteorol&oacute;gico Nacional -SMN- informa una semana de calor intenso para Entre R&iacute;os, se esperan d&iacute;as con temperaturas que podr&iacute;a tocar los 34&deg; grados. No se anuncian inestabilidades. Las temperaturas comienzan a incrementarse a partir de este lunes en todo el territorio provincial. Los d&iacute;as m&aacute;s calurosos de la semana se dar&aacute;n a partir [&hellip;]<\/p>\n","protected":false},"author":2,"featured_media":8254,"comment_status":"open","ping_status":"open","sticky":false,"template":"","format":"standard","meta":{"footnotes":""},"categories":[4,49],"tags":[38,33],"class_list":["post-8252","post","type-post","status-publish","format-standard","has-post-thumbnail","hentry","category-provinciales","category-sociedad","tag-clima","tag-entre-rios"],"_links":{"self":[{"href":"https:\/\/impactodenoticias.com.ar\/index.php?rest_route=\/wp\/v2\/posts\/8252","targetHints":{"allow":["GET"]}}],"collection":[{"href":"https:\/\/impactodenoticias.com.ar\/index.php?rest_route=\/wp\/v2\/posts"}],"about":[{"href":"https:\/\/impactodenoticias.com.ar\/index.php?rest_route=\/wp\/v2\/types\/post"}],"author":[{"embeddable":true,"href":"https:\/\/impactodenoticias.com.ar\/index.php?rest_route=\/wp\/v2\/users\/2"}],"replies":[{"embeddable":true,"href":"https:\/\/impactodenoticias.com.ar\/index.php?rest_route=%2Fwp%2Fv2%2Fcomments&post=8252"}],"version-history":[{"count":1,"href":"https:\/\/impactodenoticias.com.ar\/index.php?rest_route=\/wp\/v2\/posts\/8252\/revisions"}],"predecessor-version":[{"id":8255,"href":"https:\/\/impactodenoticias.com.ar\/index.php?rest_route=\/wp\/v2\/posts\/8252\/revisions\/8255"}],"wp:featuredmedia":[{"embeddable":true,"href":"https:\/\/impactodenoticias.com.ar\/index.php?rest_route=\/wp\/v2\/media\/8254"}],"wp:attachment":[{"href":"https:\/\/impactodenoticias.com.ar\/index.php?rest_route=%2Fwp%2Fv2%2Fmedia&parent=8252"}],"wp:term":[{"taxonomy":"category","embeddable":true,"href":"https:\/\/impactodenoticias.com.ar\/index.php?rest_route=%2Fwp%2Fv2%2Fcategories&post=8252"},{"taxonomy":"post_tag","embeddable":true,"href":"https:\/\/impactodenoticias.com.ar\/index.php?rest_route=%2Fwp%2Fv2%2Ftags&post=8252"}],"curies":[{"name":"wp","href":"https:\/\/api.w.org\/{rel}","templated":true}]}}