{"id":8266,"date":"2024-12-09T11:04:00","date_gmt":"2024-12-09T14:04:00","guid":{"rendered":"https:\/\/impactodenoticias.com.ar\/?p=8266"},"modified":"2024-12-10T11:30:49","modified_gmt":"2024-12-10T14:30:49","slug":"el-gobierno-de-la-provincia-presentara-hoy-una-oferta-salarial-a-los-docentes","status":"publish","type":"post","link":"https:\/\/impactodenoticias.com.ar\/?p=8266","title":{"rendered":"El Gobierno de la provincia presentar\u00e1 hoy una oferta salarial a los gremios estatales"},"content":{"rendered":"\n<h3 class=\"wp-block-heading\">Este lunes a las 11 en la Secretar\u00eda de Trabajo de la provincia, seguir\u00e1n las negociaciones entre el Gobierno provincial.<\/h3>\n\n\n\n<p>Cabe recordar que la paritaria salarial se reanud\u00f3 el mi\u00e9rcoles pasado, cuando la Uni\u00f3n del Personal Civil de la Naci\u00f3n (UPCN) y la Asociaci\u00f3n de los Trabajadores del Estado (ATE), dieron a conocer sus demandas ante los representantes de la Provincia, encabezados por el jefe de gabinete del Ministerio de Gobierno y Trabajo, Abelardo Del Prado.<\/p>\n\n\n\n<p>Conclu\u00edda dicha audiencia, el funcionario mencion\u00f3 que se escucharon los aportes de los gremios y ponder\u00f3 el di\u00e1logo y el compromiso con los trabajadores por parte de esta gesti\u00f3n. Afirm\u00f3 adem\u00e1s que el Gobierno busca \u201cllevar tranquilidad en el mes de diciembre porque tiende a ser dif\u00edcil respecto a las condiciones salariales y laborales\u201d.<\/p>\n\n\n\n<p>Aclar\u00f3 por qu\u00e9 no se present\u00f3 una propuesta salarial en esa oportunidad, a diferencia de otras veces, este fue un encuentro previo para escuchar las demandas de los gremios porque siempre hacemos una propuesta integral, esta vez la hicimos con m\u00e1s tiempo para evitar problemas en el cierre de la liquidaci\u00f3n\u201d, se\u00f1al\u00f3.<\/p>\n\n\n\n<p><strong>Que dicen los gremios<\/strong><\/p>\n\n\n\n<p>\u201cQue estamos hablando de salarios en diciembre ya es importante\u201d, subray\u00f3 en la oportunidad la secretar\u00eda adjunta de UPCN, Carina Dom\u00ednguez.<\/p>\n\n\n\n<p>Adem\u00e1s se\u00f1al\u00f3 algunos de los puntos solicitados por UPCN, como la base de c\u00e1lculo y que sea remunerativa la suma fija de 40 mil pesos que se actualiza con el IPC. \u201cNo tenemos dudas de que esta suma debe continuar\u201d, dijo, y apunt\u00f3 que \u201cen caso de que no sea remunerativa, pedimos que vaya, porcentualmente, una parte al aguinaldo, para que sea salario real\u201d.<\/p>\n\n\n\n<p>Y agreg\u00f3 que: \u00abel reconocimiento de la inflaci\u00f3n debe ser la base de cualquier propuesta salarial y que la pauta se deber\u00e1 conformar con algunas alternativas, como porcentajes generales que logren revisar el achatamiento que tiene el escalaf\u00f3n, por un lado, y por el otro, temas sectoriales en algunas \u00e1reas del gobierno como salud, Copnaf y comedores\u00bb.<\/p>\n\n\n\n<p>Durante el encuentro UPCN solicit\u00f3 mayores precisiones sobre el anuncio del Gobierno provincial de eliminar los contratos de obra y realizar concursos en la administraci\u00f3n p\u00fablica para ingresar.<\/p>\n\n\n\n<p>Por su parte, ATE propuso el blanqueo del bono de 40 mil pesos para que llegue a jubilados. Indicaron tambi\u00e9n que pedir\u00e1 el recupero del noviembre y diciembre del 2023 y propuesta para los dos primeros meses del 2025 modificando la base de c\u00e1lculo; y tambi\u00e9n solicitar\u00e1 aclaraciones sobre el contrato de obra y los concursos para ingresar.<\/p>\n\n\n\n<p>Adem\u00e1s solicitar\u00e1 aclaraciones sobre el pase a contratos temporales de los contratados de obra y la implementaci\u00f3n de los concursos para el ingreso. Durante el encuentro, ATE se\u00f1al\u00f3 que desde principios del a\u00f1o se vienen produciendo nuevas designaciones en contratos de servicios, principalmente en el Ministerio de Hacienda y Finanzas, \u201csin respetar criterios de antig\u00fcedad y dejando en contratos de obra a trabajadores de distintos ministerios y secretar\u00edas con m\u00e1s de 10 a\u00f1os de antig\u00fcedad\u201d. Por esa raz\u00f3n est\u00e1 llevando adelante un relevamiento provincial entre sus afiliados y trabajadores en general.<\/p>\n\n\n\n<p>Y reclamar\u00e1 una actualizaci\u00f3n del monto de las Asignaciones Familiares y del c\u00f3digo de sueldo 272. Tambi\u00e9n, un reconocimiento salarial a las y los trabajadores que obtengan un posgrado universitario y la reglamentaci\u00f3n del R\u00e9gimen Jur\u00eddico B\u00e1sico y Convenio Colectivo de Trabajo.<\/p>\n","protected":false},"excerpt":{"rendered":"<p>Este lunes a las 11 en la Secretar&iacute;a de Trabajo de la provincia, seguir&aacute;n las negociaciones entre el Gobierno provincial. Cabe recordar que la paritaria salarial se reanud&oacute; el mi&eacute;rcoles pasado, cuando la Uni&oacute;n del Personal Civil de la Naci&oacute;n (UPCN) y la Asociaci&oacute;n de los Trabajadores del Estado (ATE), dieron a conocer sus demandas [&hellip;]<\/p>\n","protected":false},"author":2,"featured_media":8267,"comment_status":"open","ping_status":"open","sticky":false,"template":"","format":"standard","meta":{"footnotes":""},"categories":[91,11,4],"tags":[2408,103,1110,433,903,450],"class_list":["post-8266","post","type-post","status-publish","format-standard","has-post-thumbnail","hentry","category-gremiales","category-politica","category-provinciales","tag-abelardo-del-prado","tag-ate","tag-carina-dominguez","tag-gobierno","tag-paritarias","tag-upcn"],"_links":{"self":[{"href":"https:\/\/impactodenoticias.com.ar\/index.php?rest_route=\/wp\/v2\/posts\/8266","targetHints":{"allow":["GET"]}}],"collection":[{"href":"https:\/\/impactodenoticias.com.ar\/index.php?rest_route=\/wp\/v2\/posts"}],"about":[{"href":"https:\/\/impactodenoticias.com.ar\/index.php?rest_route=\/wp\/v2\/types\/post"}],"author":[{"embeddable":true,"href":"https:\/\/impactodenoticias.com.ar\/index.php?rest_route=\/wp\/v2\/users\/2"}],"replies":[{"embeddable":true,"href":"https:\/\/impactodenoticias.com.ar\/index.php?rest_route=%2Fwp%2Fv2%2Fcomments&post=8266"}],"version-history":[{"count":2,"href":"https:\/\/impactodenoticias.com.ar\/index.php?rest_route=\/wp\/v2\/posts\/8266\/revisions"}],"predecessor-version":[{"id":8272,"href":"https:\/\/impactodenoticias.com.ar\/index.php?rest_route=\/wp\/v2\/posts\/8266\/revisions\/8272"}],"wp:featuredmedia":[{"embeddable":true,"href":"https:\/\/impactodenoticias.com.ar\/index.php?rest_route=\/wp\/v2\/media\/8267"}],"wp:attachment":[{"href":"https:\/\/impactodenoticias.com.ar\/index.php?rest_route=%2Fwp%2Fv2%2Fmedia&parent=8266"}],"wp:term":[{"taxonomy":"category","embeddable":true,"href":"https:\/\/impactodenoticias.com.ar\/index.php?rest_route=%2Fwp%2Fv2%2Fcategories&post=8266"},{"taxonomy":"post_tag","embeddable":true,"href":"https:\/\/impactodenoticias.com.ar\/index.php?rest_route=%2Fwp%2Fv2%2Ftags&post=8266"}],"curies":[{"name":"wp","href":"https:\/\/api.w.org\/{rel}","templated":true}]}}