{"id":8269,"date":"2024-12-09T11:20:39","date_gmt":"2024-12-09T14:20:39","guid":{"rendered":"https:\/\/impactodenoticias.com.ar\/?p=8269"},"modified":"2024-12-10T11:30:46","modified_gmt":"2024-12-10T14:30:46","slug":"senadores-y-diputados-analizan-el-veto-parcial-a-la-ley-de-acceso-a-la-informacion-publica","status":"publish","type":"post","link":"https:\/\/impactodenoticias.com.ar\/?p=8269","title":{"rendered":"Senadores y diputados analizan el veto parcial a la Ley de Acceso a la Informaci\u00f3n P\u00fablica"},"content":{"rendered":"\n<h3 class=\"wp-block-heading\">Este martes, legisladores del Senado y Diputados mantendr\u00e1n renuiones en comisiones para tratar el veto parcial de art\u00edculos del proyecto sancionado del R\u00e9gimen Legal de Acceso a la Informaci\u00f3n P\u00fablica. Mientras que el mi\u00e9rcoles los senadores continuar\u00e1n con el an\u00e1lisis de diversos temas, incluyendo el Presupuesto Provincial 2025.<\/h3>\n\n\n\n<p>A las 10 se llevar\u00e1 a cabo una reuni\u00f3n conjunta de las Comisiones de Producci\u00f3n, de Ambiente y Desarrollo Sustentable y de Salud P\u00fablica y Drogadicci\u00f3n, para tratar el expediente n\u00ba 26.117, proyecto de ley por el que se adoptan buenas pr\u00e1cticas en materia de fitosanitarios en la Provincia de Entre R\u00edos.<\/p>\n\n\n\n<p>Luego a las 13, en el Recinto de C\u00e1mara de Senadores, habr\u00e1 una reuni\u00f3n conjunta de los poderes legislativos provinciales. Se reunir\u00e1n las comisiones de Legislaci\u00f3n General de la Honorable C\u00e1mara de Senadores; y la de Asuntos Constitucionales, Juicios Pol\u00edticos y Peticiones, Poderes y Reglamentos de la Honorable C\u00e1mara de Diputados. El motivo de la reuni\u00f3n es el tratamiento al veto parcial del Poder Ejecutivo a los art\u00edculos 14\u00b0, 16\u00b0 y 18\u00b0 del proyecto de ley aprobado en definitiva por la Honorable Legislatura donde se sanciona el R\u00e9gimen Legal de Acceso a la Informaci\u00f3n P\u00fablica (expediente N\u00b0 26.749).<\/p>\n\n\n\n<p><strong>Mi\u00e9rcoles 11\/12<\/strong><\/p>\n\n\n\n<p>El mi\u00e9rcoles a las 10 est\u00e1 citada la Comisi\u00f3n de Presupuesto y Hacienda para tratar el expediente n\u00b0 27.629, proyecto de ley por el que se establece el Presupuesto General para la Administraci\u00f3n para el Ejercicio 2025.<\/p>\n\n\n\n<p>Mientras que a las 11, la Comisi\u00f3n de Educaci\u00f3n, Ciencia y Tecnolog\u00eda abordar\u00e1 el proyecto de ley por el que se declara patrimonio inmaterial de la Provincia de Entre R\u00edos a la variedad ling\u00fc\u00edstica, con base en los dialectos del alem\u00e1n franco-renano, de Hesse y del Palatinado, hablado por los descendientes de los alemanes del Volga en el territorio provincial (expediente N\u00b0 27.237); y el proyecto de Ley por el que se crea el Programa de Apoyo a Emprendedores de la Programaci\u00f3n y Rob\u00f3tica (expediente N\u00b0 14.899).<\/p>\n\n\n\n<p>Adem\u00e1s, la Comisi\u00f3n de Educaci\u00f3n, Ciencia y Tecnolog\u00eda tendr\u00e1 como invitado al secretario de Transporte de la Provincia de Entre R\u00edos, Juan Diego Elsesser, debido al proyecto de ley por el que se crea un r\u00e9gimen especial de \u201cboleto docente\u201d para los usuarios del sistema de transporte provincial de colectivos de pasajeros en sus servicios urbanos, suburbanos e interurbanos y de larga distancia. El mismo est\u00e1 destinado a docentes pertenecientes a instituciones educativas p\u00fablicas de gesti\u00f3n estatal y de gesti\u00f3n privada con aportes del Estado en todos los niveles, incluidos los de formaci\u00f3n profesional, bachilleratos y de escuelas especiales que tengan asiento en Entre R\u00edos.<\/p>\n\n\n\n<p>Finalmente a las 12, la Comisi\u00f3n de Legislaci\u00f3n General trabajar\u00e1 el proyecto de ley por el que se regula la actividad de personas humanas y jur\u00eddicas vinculada a los metales no ferrosos (expediente N\u00b0 15.037); y el proyecto de ley por el que se autoriza al Instituto Aut\u00e1rquico de Planeamiento y Vivienda a donar a la \u201cAsociaci\u00f3n Comedor Comunitario General Lamadrid\u201d un inmueble de su propiedad, destinado a actividades de la misma (expediente N\u00b0 26.296).<\/p>\n","protected":false},"excerpt":{"rendered":"<p>Este martes, legisladores del Senado y Diputados mantendr&aacute;n renuiones en comisiones para tratar el veto parcial de art&iacute;culos del proyecto sancionado del R&eacute;gimen Legal de Acceso a la Informaci&oacute;n P&uacute;blica. Mientras que el mi&eacute;rcoles los senadores continuar&aacute;n con el an&aacute;lisis de diversos temas, incluyendo el Presupuesto Provincial 2025. A las 10 se llevar&aacute; a cabo [&hellip;]<\/p>\n","protected":false},"author":2,"featured_media":8270,"comment_status":"open","ping_status":"open","sticky":false,"template":"","format":"standard","meta":{"footnotes":""},"categories":[11,4],"tags":[1450,127,1685,1527,3393,1128,165,2323],"class_list":["post-8269","post","type-post","status-publish","format-standard","has-post-thumbnail","hentry","category-politica","category-provinciales","tag-acceso","tag-diputados","tag-informacion","tag-ley","tag-parcial","tag-publica","tag-senadores","tag-veto"],"_links":{"self":[{"href":"https:\/\/impactodenoticias.com.ar\/index.php?rest_route=\/wp\/v2\/posts\/8269","targetHints":{"allow":["GET"]}}],"collection":[{"href":"https:\/\/impactodenoticias.com.ar\/index.php?rest_route=\/wp\/v2\/posts"}],"about":[{"href":"https:\/\/impactodenoticias.com.ar\/index.php?rest_route=\/wp\/v2\/types\/post"}],"author":[{"embeddable":true,"href":"https:\/\/impactodenoticias.com.ar\/index.php?rest_route=\/wp\/v2\/users\/2"}],"replies":[{"embeddable":true,"href":"https:\/\/impactodenoticias.com.ar\/index.php?rest_route=%2Fwp%2Fv2%2Fcomments&post=8269"}],"version-history":[{"count":1,"href":"https:\/\/impactodenoticias.com.ar\/index.php?rest_route=\/wp\/v2\/posts\/8269\/revisions"}],"predecessor-version":[{"id":8271,"href":"https:\/\/impactodenoticias.com.ar\/index.php?rest_route=\/wp\/v2\/posts\/8269\/revisions\/8271"}],"wp:featuredmedia":[{"embeddable":true,"href":"https:\/\/impactodenoticias.com.ar\/index.php?rest_route=\/wp\/v2\/media\/8270"}],"wp:attachment":[{"href":"https:\/\/impactodenoticias.com.ar\/index.php?rest_route=%2Fwp%2Fv2%2Fmedia&parent=8269"}],"wp:term":[{"taxonomy":"category","embeddable":true,"href":"https:\/\/impactodenoticias.com.ar\/index.php?rest_route=%2Fwp%2Fv2%2Fcategories&post=8269"},{"taxonomy":"post_tag","embeddable":true,"href":"https:\/\/impactodenoticias.com.ar\/index.php?rest_route=%2Fwp%2Fv2%2Ftags&post=8269"}],"curies":[{"name":"wp","href":"https:\/\/api.w.org\/{rel}","templated":true}]}}