{"id":8292,"date":"2024-12-09T15:46:28","date_gmt":"2024-12-09T18:46:28","guid":{"rendered":"https:\/\/impactodenoticias.com.ar\/?p=8292"},"modified":"2024-12-10T11:30:30","modified_gmt":"2024-12-10T14:30:30","slug":"cual-es-el-monto-propuesto-a-los-estatales-por-parte-del-gobierno-de-la-provincia","status":"publish","type":"post","link":"https:\/\/impactodenoticias.com.ar\/?p=8292","title":{"rendered":"Cual es el monto propuesto a los estatales por parte del gobierno de la provincia"},"content":{"rendered":"\n<p class=\"has-medium-font-size\"><strong>Tras la reuni\u00f3n paritaria del d\u00eda de la fecha, desde el gobierno se\u00f1alaron c\u00f3mo se aplicar\u00edan los aumentos a trabajadores estatales de la administraci\u00f3n p\u00fablica provincial durante los pr\u00f3ximos meses.<\/strong><\/p>\n\n\n\n<p>El Gobierno de Entre R\u00edos propuso una acuerdo salarial a los gremios de ATE y UPCN, que consiste en correr la base salarial de c\u00e1lculo a octubre y otorgar aumentos seg\u00fan la inflaci\u00f3n mensual hasta febrero de 2025.<\/p>\n\n\n\n<p>Seg\u00fan lo informado por Uriel Brupbacher, secretario de Presupuesto y Finanzas, con este incremento se estar\u00eda otorgando una \u201crecomposici\u00f3n del 0.4% de enero a diciembre\u201d, por encima de la inflaci\u00f3n de este a\u00f1o.<\/p>\n\n\n\n<p>Finalizando, el funcionario provincial, inform\u00f3 que el Gobierno y los gremios estatales de ATE y UPCN volver\u00e1n a reunirse el viernes 13 a las 9, para seguir discutiendo la propuesta.<\/p>\n\n\n\n<p><strong>Nueva propuesta salarial a los estatales<\/strong><\/p>\n\n\n\n<ul class=\"wp-block-list\">\n<li>Correr la base salarial de c\u00e1lculo al mes de octubre<\/li>\n\n\n\n<li>Aumentos seg\u00fan IPC -\u00cdndice de Precios al Consumidor- hasta febrero.<\/li>\n<\/ul>\n","protected":false},"excerpt":{"rendered":"<p>Tras la reuni&oacute;n paritaria del d&iacute;a de la fecha, desde el gobierno se&ntilde;alaron c&oacute;mo se aplicar&iacute;an los aumentos a trabajadores estatales de la administraci&oacute;n p&uacute;blica provincial durante los pr&oacute;ximos meses. El Gobierno de Entre R&iacute;os propuso una acuerdo salarial a los gremios de ATE y UPCN, que consiste en correr la base salarial de c&aacute;lculo [&hellip;]<\/p>\n","protected":false},"author":2,"featured_media":8293,"comment_status":"open","ping_status":"open","sticky":false,"template":"","format":"standard","meta":{"footnotes":""},"categories":[91,4],"tags":[103,57,308,433,450,347],"class_list":["post-8292","post","type-post","status-publish","format-standard","has-post-thumbnail","hentry","category-gremiales","category-provinciales","tag-ate","tag-aumento","tag-estatales","tag-gobierno","tag-upcn","tag-uriel-brupbacher"],"_links":{"self":[{"href":"https:\/\/impactodenoticias.com.ar\/index.php?rest_route=\/wp\/v2\/posts\/8292","targetHints":{"allow":["GET"]}}],"collection":[{"href":"https:\/\/impactodenoticias.com.ar\/index.php?rest_route=\/wp\/v2\/posts"}],"about":[{"href":"https:\/\/impactodenoticias.com.ar\/index.php?rest_route=\/wp\/v2\/types\/post"}],"author":[{"embeddable":true,"href":"https:\/\/impactodenoticias.com.ar\/index.php?rest_route=\/wp\/v2\/users\/2"}],"replies":[{"embeddable":true,"href":"https:\/\/impactodenoticias.com.ar\/index.php?rest_route=%2Fwp%2Fv2%2Fcomments&post=8292"}],"version-history":[{"count":1,"href":"https:\/\/impactodenoticias.com.ar\/index.php?rest_route=\/wp\/v2\/posts\/8292\/revisions"}],"predecessor-version":[{"id":8294,"href":"https:\/\/impactodenoticias.com.ar\/index.php?rest_route=\/wp\/v2\/posts\/8292\/revisions\/8294"}],"wp:featuredmedia":[{"embeddable":true,"href":"https:\/\/impactodenoticias.com.ar\/index.php?rest_route=\/wp\/v2\/media\/8293"}],"wp:attachment":[{"href":"https:\/\/impactodenoticias.com.ar\/index.php?rest_route=%2Fwp%2Fv2%2Fmedia&parent=8292"}],"wp:term":[{"taxonomy":"category","embeddable":true,"href":"https:\/\/impactodenoticias.com.ar\/index.php?rest_route=%2Fwp%2Fv2%2Fcategories&post=8292"},{"taxonomy":"post_tag","embeddable":true,"href":"https:\/\/impactodenoticias.com.ar\/index.php?rest_route=%2Fwp%2Fv2%2Ftags&post=8292"}],"curies":[{"name":"wp","href":"https:\/\/api.w.org\/{rel}","templated":true}]}}