{"id":8314,"date":"2024-12-10T10:25:43","date_gmt":"2024-12-10T13:25:43","guid":{"rendered":"https:\/\/impactodenoticias.com.ar\/?p=8314"},"modified":"2024-12-10T10:25:46","modified_gmt":"2024-12-10T13:25:46","slug":"disputa-en-anacleto-medina-un-hombre-fue-baleado-y-detuvieron-a-un-joven","status":"publish","type":"post","link":"https:\/\/impactodenoticias.com.ar\/?p=8314","title":{"rendered":"Disputa en Anacleto Medina: un hombre fue baleado y detuvieron a un joven"},"content":{"rendered":"\n<h3 class=\"wp-block-heading\">El barrio Anacleto Medina de Paran\u00e1 vivi\u00f3 momentos de tensi\u00f3n debido a una pelea entre vecinos, que dej\u00f3 como saldo de la disputa un hombre baleado. Trabaj\u00f3 en el lugar el personal policial de Comisar\u00eda Novena, que fue comisionado por la Sala del 911 a calle Los Jacarandaes.<\/h3>\n\n\n\n<p>Por el hecho un hombre de 36 a\u00f1os fue trasladado al Centro de Salud Carrillo herido de arma de fuego. Tambi\u00e9n fue identificado el supuesto autor, quien se encontraba en el lugar y fue demorado por el personal policial.<\/p>\n\n\n\n<p>La v\u00edctima, presentaba dos heridas de arma de fuego, una en la pierna izquierda zona del muslo y el otro en la tibia, ambos con orificio de entrada y salida, una vez en el hospital San Mart\u00edn, qued\u00f3 a la espera de la realizaci\u00f3n de los estudios necesarios.<\/p>\n\n\n\n<p>El Jefe de la Comisaria Novena, Comisario Esteban Goetz, destac\u00f3 que existen \u201cproblemas de vieja data entre dos grupos familiares\u201d y ya ha habido detenciones en otro momento, ya que no ser\u00eda la primera vez que se enfrentan.<\/p>\n\n\n\n<p>En comunicaci\u00f3n con Agente Fiscal de Delitos Complejos Mariano Budasoff dispuso el traslado a Alcaid\u00eda del joven demorado, de 22 a\u00f1os, por el supuesto delito de Tentativa de Homicidio, se realice dermotest a ambas partes y que en el lugar intervenga personal de la Direcci\u00f3n Criminal\u00edstica, quienes secuestraron 10 vainas servidas.<\/p>\n","protected":false},"excerpt":{"rendered":"<p>El barrio Anacleto Medina de Paran&aacute; vivi&oacute; momentos de tensi&oacute;n debido a una pelea entre vecinos, que dej&oacute; como saldo de la disputa un hombre baleado. Trabaj&oacute; en el lugar el personal policial de Comisar&iacute;a Novena, que fue comisionado por la Sala del 911 a calle Los Jacarandaes. Por el hecho un hombre de 36 [&hellip;]<\/p>\n","protected":false},"author":2,"featured_media":8315,"comment_status":"open","ping_status":"open","sticky":false,"template":"","format":"standard","meta":{"footnotes":""},"categories":[3,8],"tags":[1035,1438,1003,146],"class_list":["post-8314","post","type-post","status-publish","format-standard","has-post-thumbnail","hentry","category-locales","category-policiales","tag-anacleto-medina","tag-baleado","tag-detencion","tag-hombre"],"_links":{"self":[{"href":"https:\/\/impactodenoticias.com.ar\/index.php?rest_route=\/wp\/v2\/posts\/8314","targetHints":{"allow":["GET"]}}],"collection":[{"href":"https:\/\/impactodenoticias.com.ar\/index.php?rest_route=\/wp\/v2\/posts"}],"about":[{"href":"https:\/\/impactodenoticias.com.ar\/index.php?rest_route=\/wp\/v2\/types\/post"}],"author":[{"embeddable":true,"href":"https:\/\/impactodenoticias.com.ar\/index.php?rest_route=\/wp\/v2\/users\/2"}],"replies":[{"embeddable":true,"href":"https:\/\/impactodenoticias.com.ar\/index.php?rest_route=%2Fwp%2Fv2%2Fcomments&post=8314"}],"version-history":[{"count":1,"href":"https:\/\/impactodenoticias.com.ar\/index.php?rest_route=\/wp\/v2\/posts\/8314\/revisions"}],"predecessor-version":[{"id":8316,"href":"https:\/\/impactodenoticias.com.ar\/index.php?rest_route=\/wp\/v2\/posts\/8314\/revisions\/8316"}],"wp:featuredmedia":[{"embeddable":true,"href":"https:\/\/impactodenoticias.com.ar\/index.php?rest_route=\/wp\/v2\/media\/8315"}],"wp:attachment":[{"href":"https:\/\/impactodenoticias.com.ar\/index.php?rest_route=%2Fwp%2Fv2%2Fmedia&parent=8314"}],"wp:term":[{"taxonomy":"category","embeddable":true,"href":"https:\/\/impactodenoticias.com.ar\/index.php?rest_route=%2Fwp%2Fv2%2Fcategories&post=8314"},{"taxonomy":"post_tag","embeddable":true,"href":"https:\/\/impactodenoticias.com.ar\/index.php?rest_route=%2Fwp%2Fv2%2Ftags&post=8314"}],"curies":[{"name":"wp","href":"https:\/\/api.w.org\/{rel}","templated":true}]}}