{"id":8330,"date":"2024-12-10T11:29:14","date_gmt":"2024-12-10T14:29:14","guid":{"rendered":"https:\/\/impactodenoticias.com.ar\/?p=8330"},"modified":"2024-12-12T10:59:17","modified_gmt":"2024-12-12T13:59:17","slug":"expulsan-del-pj-entrerriano-al-senador-edgardo-kueider","status":"publish","type":"post","link":"https:\/\/impactodenoticias.com.ar\/?p=8330","title":{"rendered":"Expulsan del PJ entrerriano al senador Edgardo Kueider"},"content":{"rendered":"\n<h3 class=\"wp-block-heading\">La decisi\u00f3n se fundamenta en \u00abel incumplimiento de las obligaciones partidarias, inconductas, indisciplinas y violaci\u00f3n de principios y resoluciones de los organismos partidarios\u00bb, destacaron desde el \u00f3rgano partidario. Ser\u00e1 notificado en los pr\u00f3ximos diez d\u00edas y con posterioridad se girar\u00e1n las actuaciones al Congreso Provincial del PJ para la finalizaci\u00f3n del tr\u00e1mite.<\/h3>\n\n\n\n<p>En la tarde noche del lunes se llev\u00f3 adelante el encuentro del Consejo Provincial del Partido Justicialista Distrito Entre R\u00edos con el objetivo excluyente de tratar la situaci\u00f3n partidaria del senador nacional Edgardo Kueider, hoy detenido en Paraguay con una situaci\u00f3n judicial en curso.<\/p>\n\n\n\n<p>\u00abDesde este Consejo advertimos en su momento que la posici\u00f3n del senador frente al gobierno de Milei y, particularmente, su apoyo a una ley tan nociva a los intereses de la Naci\u00f3n, contradec\u00eda la doctrina, los valores y las m\u00e1ximas del peronismo\u00bb, se\u00f1alaron. Ante esa situaci\u00f3n, comenzaron a ingresar pedidos de expulsi\u00f3n de distintos Consejos Departamentales, Unidades B\u00e1sicas y afiliados particulares, que fueron considerados en el hist\u00f3rico Congreso partidario realizado el 7 de septiembre de este a\u00f1o. Se constituy\u00f3 una comisi\u00f3n encargada de definir la integraci\u00f3n del Tribunal de Disciplina para analizar la sanci\u00f3n, seg\u00fan los establece nuestra Carta Org\u00e1nica\u201d, se indic\u00f3.<\/p>\n\n\n\n<p>\u00abSin embargo, los hechos recientes, por todos conocidos, modificaron el escenario y, no habi\u00e9ndose constituido a\u00fan el Tribunal de Disciplina, este Consejo interpret\u00f3 necesario, ante una situaci\u00f3n excepcional como la presente y el reclamo masivo de las bases y \u00f3rganos partidarios departamentales y locales, asumir transitoriamente las funciones propias del Tribunal de Disciplina y abogar a las denuncias y causas disciplinarias, dirigidas al senador nacional. De esa manera se lleg\u00f3 a la resoluci\u00f3n de expulsar a Edgardo Dar\u00edo Kueider del Partido Justicialista de Entre R\u00edos por el incumplimiento de las obligaciones partidarias, por inconductas, indisciplinas y violaci\u00f3n de principios y resoluciones de los organismos partidarios\u00bb, argumentaron.<\/p>\n\n\n\n<p>El motivo principal de la expulsi\u00f3n de Kueider radica en su voto a la \u00abLey de Bases\u00bb al igual que \u00abel acompa\u00f1amiento que le dio al tr\u00e1mite legislativo, sea con de qu\u00f3rum, el despacho de comisi\u00f3n y el voto que permiti\u00f3 el desempate de la vicepresidenta Villaruel\u201d, se precis\u00f3.<\/p>\n\n\n\n<p>A Kueider se le imput\u00f3 la violaci\u00f3n de las obligaciones previstas para los afiliados en la Carta Org\u00e1nica, \u00abpuntualmente el no cumplimiento de mandatos partidistas que indicaron el no acompa\u00f1amiento a la &#8216;Ley de Bases&#8217; al igual que la falta de disciplina partidaria al incumplir esta orden, del mismo modo que contradecir en forma grosera la plataforma electoral de Uni\u00f3n por la Patria acompa\u00f1ando la sanci\u00f3n de la denominada &#8216;Ley de Bases y Puntos de Partida para la Libertad de los Argentinos&#8217; (Ley 27.742), dado que entendi\u00f3 el Consejo Provincial que la legislaci\u00f3n impulsada por Milei expresa una contradicci\u00f3n absoluta con la doctrina y la ideolog\u00eda peronista plasmada en la plataforma de presentaci\u00f3n electoral ante la justicia electoral\u00bb, destacaron.<\/p>\n\n\n\n<p>Finalizando, indicaron que \u00abse va a respetar el derecho a la defensa que indica nuestra Carta Org\u00e1nica\u00bb e informar que, con ese objetivo, \u00abKueider ser\u00e1 notificado en el plazo de diez d\u00edas a partir de la fecha\u00bb.<\/p>\n","protected":false},"excerpt":{"rendered":"<p>La decisi&oacute;n se fundamenta en &laquo;el incumplimiento de las obligaciones partidarias, inconductas, indisciplinas y violaci&oacute;n de principios y resoluciones de los organismos partidarios&raquo;, destacaron desde el &oacute;rgano partidario. Ser&aacute; notificado en los pr&oacute;ximos diez d&iacute;as y con posterioridad se girar&aacute;n las actuaciones al Congreso Provincial del PJ para la finalizaci&oacute;n del tr&aacute;mite. En la tarde [&hellip;]<\/p>\n","protected":false},"author":2,"featured_media":8331,"comment_status":"open","ping_status":"open","sticky":false,"template":"","format":"standard","meta":{"footnotes":""},"categories":[11,4],"tags":[27,33,3408,67],"class_list":["post-8330","post","type-post","status-publish","format-standard","has-post-thumbnail","hentry","category-politica","category-provinciales","tag-edgardo-kueider","tag-entre-rios","tag-expulsan","tag-partido-justicialista"],"_links":{"self":[{"href":"https:\/\/impactodenoticias.com.ar\/index.php?rest_route=\/wp\/v2\/posts\/8330","targetHints":{"allow":["GET"]}}],"collection":[{"href":"https:\/\/impactodenoticias.com.ar\/index.php?rest_route=\/wp\/v2\/posts"}],"about":[{"href":"https:\/\/impactodenoticias.com.ar\/index.php?rest_route=\/wp\/v2\/types\/post"}],"author":[{"embeddable":true,"href":"https:\/\/impactodenoticias.com.ar\/index.php?rest_route=\/wp\/v2\/users\/2"}],"replies":[{"embeddable":true,"href":"https:\/\/impactodenoticias.com.ar\/index.php?rest_route=%2Fwp%2Fv2%2Fcomments&post=8330"}],"version-history":[{"count":1,"href":"https:\/\/impactodenoticias.com.ar\/index.php?rest_route=\/wp\/v2\/posts\/8330\/revisions"}],"predecessor-version":[{"id":8332,"href":"https:\/\/impactodenoticias.com.ar\/index.php?rest_route=\/wp\/v2\/posts\/8330\/revisions\/8332"}],"wp:featuredmedia":[{"embeddable":true,"href":"https:\/\/impactodenoticias.com.ar\/index.php?rest_route=\/wp\/v2\/media\/8331"}],"wp:attachment":[{"href":"https:\/\/impactodenoticias.com.ar\/index.php?rest_route=%2Fwp%2Fv2%2Fmedia&parent=8330"}],"wp:term":[{"taxonomy":"category","embeddable":true,"href":"https:\/\/impactodenoticias.com.ar\/index.php?rest_route=%2Fwp%2Fv2%2Fcategories&post=8330"},{"taxonomy":"post_tag","embeddable":true,"href":"https:\/\/impactodenoticias.com.ar\/index.php?rest_route=%2Fwp%2Fv2%2Ftags&post=8330"}],"curies":[{"name":"wp","href":"https:\/\/api.w.org\/{rel}","templated":true}]}}