{"id":8345,"date":"2024-12-10T18:14:09","date_gmt":"2024-12-10T21:14:09","guid":{"rendered":"https:\/\/impactodenoticias.com.ar\/?p=8345"},"modified":"2024-12-12T10:55:32","modified_gmt":"2024-12-12T13:55:32","slug":"bordet-sobre-kuieder-tiene-la-desfachatez-de-decir-que-no-es-amigo-que-era-una-cosa-circunstancial-apunto-rossi","status":"publish","type":"post","link":"https:\/\/impactodenoticias.com.ar\/?p=8345","title":{"rendered":"Bordet sobre Kueider: \u00abTiene la desfachatez de decir que no es amigo, que era una cosa circunstancial\u00bb, apunt\u00f3 Rossi"},"content":{"rendered":"\n<p class=\"has-medium-font-size\"><strong>El intendente de Santa Elena, Domingo Daniel Rossi, habl\u00f3 sobre la situaci\u00f3n judicial del senador nacional Edgardo Kueider, detenido en Paraguay acusado de contrabando, y critic\u00f3 la marcha de las causas que pesan en su contra en los Tribunales entrerrianos.<\/strong><\/p>\n\n\n\n<p>\u201cLa Justicia entrerriana duerme expedientes\u201d, destac\u00f3 e ironiz\u00f3 con que \u201cda la sensaci\u00f3n que como que le escond\u00edan el expediente. Hace muchos a\u00f1os hay causas contra Kueider y nunca se movieron\u201d, dispar\u00f3.<\/p>\n\n\n\n<p>Analiz\u00f3 la situaci\u00f3n del legislador nacional con la causa de los \u00abContratos Truchos en la Legislatura\u00bb, que hasta el momento no ha culpado a nadie, y al respecto indic\u00f3 la responsabilidad pol\u00edtica de los presidentes de ambas C\u00e1maras. \u201cTuve la suerte que a los 35 a\u00f1os, siendo muy joven, pude ser vicegobernador, presidente del Senado. Ac\u00e1 hay responsabilidades. Hace 20 a\u00f1os que yo vengo denunciando que existen mafias, hace 20 a\u00f1os que buscan alg\u00fan perejil, alg\u00fan chivo expiatorio. Mientras tanto, los grandes casos no avanzan. Todo cajonean, todo ha sido cajoneado\u201d, lanz\u00f3 en declaraciones radiales.<\/p>\n\n\n\n<p>Y acot\u00f3 que \u201chay una complicidad de un sector de la oposici\u00f3n hoy oficialista. Por ejemplo, cuando (el exgobernador Sergio) Urribarri era presidente de la C\u00e1mara de Diputados, los que fueron diputados por Cambiemos lo votaron todas las veces para que sea presidente de la C\u00e1mara, se\u00f1al\u00f3. En esta provincia, si no hubiera participado alg\u00fan sector de la oposici\u00f3n, y adem\u00e1s alg\u00fan sector del gremialismo, no hubiera existido el robo de un presupuesto como fue la causa de los Contratos Truchos\u201d, precis\u00f3.<\/p>\n\n\n\n<p>Luego record\u00f3 el fallo de la Suprema Corte de Justicia de la Naci\u00f3n, que hizo lugar a una queja de la destituida exProcuradora Adjunta Cecilia Goyeneche, y sostuvo: \u201cEsto va marcando algunas cosas. Que no todo es igual, que no todo se puede atropellar, que no todo se puede hacer fuera de la Constituci\u00f3n, y que esto va a marcar un antes y un despu\u00e9s de la Justicia\u201d.<\/p>\n\n\n\n<p>Finalizando, Rossi habl\u00f3 de la \u201cdesfachatez\u201d del exgobernador Gustavo Bordet, que r\u00e1pidamente se despeg\u00f3 del senador nacional. \u201cTiene la desfachatez de decir que no es amigo, que era una cosa circunstancial. Pero hay v\u00eddeos, aparece de todo, aparecen fotos, aparecen declaraciones durante el tiempo de campa\u00f1a electoral, de gesti\u00f3n, que los muestran juntos. Nosotros estamos preparando denuncias penales contra miembros del gabinete de Bordet y del gabinete de Urribarri\u201d, anticip\u00f3.<\/p>\n","protected":false},"excerpt":{"rendered":"<p>El intendente de Santa Elena, Domingo Daniel Rossi, habl&oacute; sobre la situaci&oacute;n judicial del senador nacional Edgardo Kueider, detenido en Paraguay acusado de contrabando, y critic&oacute; la marcha de las causas que pesan en su contra en los Tribunales entrerrianos. &ldquo;La Justicia entrerriana duerme expedientes&rdquo;, destac&oacute; e ironiz&oacute; con que &ldquo;da la sensaci&oacute;n que como [&hellip;]<\/p>\n","protected":false},"author":2,"featured_media":8346,"comment_status":"open","ping_status":"open","sticky":false,"template":"","format":"standard","meta":{"footnotes":""},"categories":[11,4],"tags":[620,3312,32],"class_list":["post-8345","post","type-post","status-publish","format-standard","has-post-thumbnail","hentry","category-politica","category-provinciales","tag-daniel-rossi","tag-edgardo-kuider","tag-gustavo-bordet"],"_links":{"self":[{"href":"https:\/\/impactodenoticias.com.ar\/index.php?rest_route=\/wp\/v2\/posts\/8345","targetHints":{"allow":["GET"]}}],"collection":[{"href":"https:\/\/impactodenoticias.com.ar\/index.php?rest_route=\/wp\/v2\/posts"}],"about":[{"href":"https:\/\/impactodenoticias.com.ar\/index.php?rest_route=\/wp\/v2\/types\/post"}],"author":[{"embeddable":true,"href":"https:\/\/impactodenoticias.com.ar\/index.php?rest_route=\/wp\/v2\/users\/2"}],"replies":[{"embeddable":true,"href":"https:\/\/impactodenoticias.com.ar\/index.php?rest_route=%2Fwp%2Fv2%2Fcomments&post=8345"}],"version-history":[{"count":2,"href":"https:\/\/impactodenoticias.com.ar\/index.php?rest_route=\/wp\/v2\/posts\/8345\/revisions"}],"predecessor-version":[{"id":8360,"href":"https:\/\/impactodenoticias.com.ar\/index.php?rest_route=\/wp\/v2\/posts\/8345\/revisions\/8360"}],"wp:featuredmedia":[{"embeddable":true,"href":"https:\/\/impactodenoticias.com.ar\/index.php?rest_route=\/wp\/v2\/media\/8346"}],"wp:attachment":[{"href":"https:\/\/impactodenoticias.com.ar\/index.php?rest_route=%2Fwp%2Fv2%2Fmedia&parent=8345"}],"wp:term":[{"taxonomy":"category","embeddable":true,"href":"https:\/\/impactodenoticias.com.ar\/index.php?rest_route=%2Fwp%2Fv2%2Fcategories&post=8345"},{"taxonomy":"post_tag","embeddable":true,"href":"https:\/\/impactodenoticias.com.ar\/index.php?rest_route=%2Fwp%2Fv2%2Ftags&post=8345"}],"curies":[{"name":"wp","href":"https:\/\/api.w.org\/{rel}","templated":true}]}}