{"id":8366,"date":"2024-12-11T09:10:23","date_gmt":"2024-12-11T12:10:23","guid":{"rendered":"https:\/\/impactodenoticias.com.ar\/?p=8366"},"modified":"2024-12-12T10:50:06","modified_gmt":"2024-12-12T13:50:06","slug":"frigerio-anuncia-la-intervencion-del-iosper-tras-la-renuncia-de-canete","status":"publish","type":"post","link":"https:\/\/impactodenoticias.com.ar\/?p=8366","title":{"rendered":"Frigerio anuncia la intervenci\u00f3n del Iosper tras la renuncia de Ca\u00f1ete"},"content":{"rendered":"\n<h3 class=\"wp-block-heading\">Fernando Ca\u00f1ete renunci\u00f3, ayer por la tarde a la presidencia de la Obra Social de la Provincia de Entre R\u00edos.<\/h3>\n\n\n\n<p>En conferencia de prensa programada para las 10.30 de este mi\u00e9rcoles en Casa de Gobierno, el gobernador Rogelio Frigerio anunciar\u00e1 la intervenci\u00f3n del Instituto de Obra Social de la Provincia de Entre R\u00edos (Iosper). Se dar\u00e1n a conocer los nombres del equipo que se har\u00e1 cargo en la nueva etapa que, seg\u00fan marca la ley, no puede extenderse por m\u00e1s de seis meses. Fernando Ca\u00f1ete present\u00f3 en la tarde del martes, la renuncia a la presidencia del directorio, seg\u00fan informaron fuentes de la obra social. El interventor es \u201calguien de experiencia en este tipo de situaciones complejas de intervenci\u00f3n\u201d y llegar\u00e1 desde la Ciudad de Buenos Aires, seg\u00fan trascendi\u00f3. Seg\u00fan supo <strong>IMPACTO DE NOTICIAS,<\/strong> ser\u00eda un interventor de la <strong>Obra Social IOMA.<\/strong><\/p>\n\n\n\n<p><\/p>\n\n\n\n<figure class=\"wp-block-image size-full\"><img loading=\"lazy\" decoding=\"async\" width=\"642\" height=\"361\" src=\"https:\/\/impactodenoticias.com.ar\/wp-content\/uploads\/2024\/12\/fernando-canetejpg-1.webp\" alt=\"\" class=\"wp-image-8375\" srcset=\"https:\/\/impactodenoticias.com.ar\/wp-content\/uploads\/2024\/12\/fernando-canetejpg-1.webp 642w, https:\/\/impactodenoticias.com.ar\/wp-content\/uploads\/2024\/12\/fernando-canetejpg-1-300x169.webp 300w\" sizes=\"auto, (max-width: 642px) 100vw, 642px\" \/><\/figure>\n\n\n\n<p><\/p>\n\n\n\n<figure class=\"wp-block-image size-large\"><img loading=\"lazy\" decoding=\"async\" width=\"719\" height=\"1024\" src=\"https:\/\/impactodenoticias.com.ar\/wp-content\/uploads\/2024\/12\/0-719x1024.jpg\" alt=\"\" class=\"wp-image-8373\" srcset=\"https:\/\/impactodenoticias.com.ar\/wp-content\/uploads\/2024\/12\/0-719x1024.jpg 719w, https:\/\/impactodenoticias.com.ar\/wp-content\/uploads\/2024\/12\/0-211x300.jpg 211w, https:\/\/impactodenoticias.com.ar\/wp-content\/uploads\/2024\/12\/0-768x1094.jpg 768w, https:\/\/impactodenoticias.com.ar\/wp-content\/uploads\/2024\/12\/0-1078x1536.jpg 1078w, https:\/\/impactodenoticias.com.ar\/wp-content\/uploads\/2024\/12\/0.jpg 1152w\" sizes=\"auto, (max-width: 719px) 100vw, 719px\" \/><\/figure>\n\n\n\n<p><\/p>\n\n\n\n<figure class=\"wp-block-image size-large\"><img loading=\"lazy\" decoding=\"async\" width=\"718\" height=\"1024\" src=\"https:\/\/impactodenoticias.com.ar\/wp-content\/uploads\/2024\/12\/8-718x1024.jpg\" alt=\"\" class=\"wp-image-8374\" srcset=\"https:\/\/impactodenoticias.com.ar\/wp-content\/uploads\/2024\/12\/8-718x1024.jpg 718w, https:\/\/impactodenoticias.com.ar\/wp-content\/uploads\/2024\/12\/8-210x300.jpg 210w, https:\/\/impactodenoticias.com.ar\/wp-content\/uploads\/2024\/12\/8-768x1096.jpg 768w, https:\/\/impactodenoticias.com.ar\/wp-content\/uploads\/2024\/12\/8-1076x1536.jpg 1076w, https:\/\/impactodenoticias.com.ar\/wp-content\/uploads\/2024\/12\/8.jpg 1152w\" sizes=\"auto, (max-width: 718px) 100vw, 718px\" \/><\/figure>\n\n\n\n<p><\/p>\n\n\n\n<p><\/p>\n\n\n\n<p>El Iosper se fund\u00f3 en mayo de 1973 y hasta los a\u00f1os \u201990 su gesti\u00f3n depend\u00eda del Poder Ejecutivo, que establec\u00eda su presupuesto y designaba a las autoridades.<\/p>\n\n\n\n<p>En 1995, durante el gobierno de Mario Moine, se busc\u00f3 un cambio en el esquema de conducci\u00f3n. Se propuso modificar el mecanismo de designaci\u00f3n del presidente y el directorio dando intervenci\u00f3n a los afiliados, pero el proyecto no prosper\u00f3.<\/p>\n\n\n\n<p>Dos a\u00f1os m\u00e1s tarde, con Jorge Busti como gobernador, se estableci\u00f3 por decreto la trasferencia de la administraci\u00f3n del Iosper a sus beneficiarios, lo que se concret\u00f3 en 1998.<\/p>\n\n\n\n<p>La gesti\u00f3n de la obra social qued\u00f3 a cargo de un directorio conformado con el esquema actual: siete miembros que representan a los trabajadores activos y a los jubilados, elegidos por el voto directo de los afiliados.<\/p>\n\n\n\n<p>Un antecedente de intervenci\u00f3n se dio en abril de 2005, cuando as\u00ed lo dispuso Busti, ante una crisis institucional. Por decreto, el entonces gobernador estableci\u00f3 la caducidad del mandato del presidente Francisco Medero y orden\u00f3 una auditor\u00eda.<\/p>\n\n\n\n<p>Busti instrument\u00f3 una intervenci\u00f3n por seis meses y nombr\u00f3 al frente al contador Miguel Sampietro, que ven\u00eda de desempe\u00f1arse en la comisi\u00f3n fiscalizadora del Iosper y hab\u00eda alertado sobre problemas financieros. Sampietro luego fue reemplazado por el m\u00e9dico Ricardo Rizzo y en 2006 la obra social volvi\u00f3 a ser gestionada por los representantes de los estatales.<\/p>\n\n\n\n<p>Ahora la administraci\u00f3n de Frigerio, 19 a\u00f1os despu\u00e9s de aquella intervenci\u00f3n, intentar\u00e1 imponer otro formato en el manejo de la obra social que brinda cobertura a cerca de 250 mil afiliados.<\/p>\n\n\n\n<p>Seg\u00fan indicaron fuentes del Iosper, Fernando Ca\u00f1ete present\u00f3 esta tarde su renuncia a la presidencia del directorio, que contin\u00faa integrando en representaci\u00f3n de los empleados judiciales. Ca\u00f1ete lleg\u00f3 a la conducci\u00f3n de la Obra Social, en 2014 y fue elegido presidente, lo que se repiti\u00f3 en 2018 y 2022.<\/p>\n\n\n\n<p>El directorio del Iosper se completa con Carina Isaurralde (empleados del Iosper), Fabi\u00e1n Monz\u00f3n (UPCN), Adriana Hepp (Agmer), Adri\u00e1n G\u00f3mez (Festram), Clara Quintero (Federaci\u00f3n de Jubilados) y \u00c1ngel Iturria (Retirados de la Polic\u00eda).<\/p>\n","protected":false},"excerpt":{"rendered":"<p>Fernando Ca&ntilde;ete renunci&oacute;, ayer por la tarde a la presidencia de la Obra Social de la Provincia de Entre R&iacute;os. En conferencia de prensa programada para las 10.30 de este mi&eacute;rcoles en Casa de Gobierno, el gobernador Rogelio Frigerio anunciar&aacute; la intervenci&oacute;n del Instituto de Obra Social de la Provincia de Entre R&iacute;os (Iosper). Se [&hellip;]<\/p>\n","protected":false},"author":2,"featured_media":8376,"comment_status":"open","ping_status":"open","sticky":false,"template":"","format":"standard","meta":{"footnotes":""},"categories":[91,11,4],"tags":[1835,3012,3421,329,1422,39],"class_list":["post-8366","post","type-post","status-publish","format-standard","has-post-thumbnail","hentry","category-gremiales","category-politica","category-provinciales","tag-fernando-canete","tag-intervencion","tag-ioma","tag-iosper","tag-renuncia","tag-rogelio-frigerio"],"_links":{"self":[{"href":"https:\/\/impactodenoticias.com.ar\/index.php?rest_route=\/wp\/v2\/posts\/8366","targetHints":{"allow":["GET"]}}],"collection":[{"href":"https:\/\/impactodenoticias.com.ar\/index.php?rest_route=\/wp\/v2\/posts"}],"about":[{"href":"https:\/\/impactodenoticias.com.ar\/index.php?rest_route=\/wp\/v2\/types\/post"}],"author":[{"embeddable":true,"href":"https:\/\/impactodenoticias.com.ar\/index.php?rest_route=\/wp\/v2\/users\/2"}],"replies":[{"embeddable":true,"href":"https:\/\/impactodenoticias.com.ar\/index.php?rest_route=%2Fwp%2Fv2%2Fcomments&post=8366"}],"version-history":[{"count":2,"href":"https:\/\/impactodenoticias.com.ar\/index.php?rest_route=\/wp\/v2\/posts\/8366\/revisions"}],"predecessor-version":[{"id":8377,"href":"https:\/\/impactodenoticias.com.ar\/index.php?rest_route=\/wp\/v2\/posts\/8366\/revisions\/8377"}],"wp:featuredmedia":[{"embeddable":true,"href":"https:\/\/impactodenoticias.com.ar\/index.php?rest_route=\/wp\/v2\/media\/8376"}],"wp:attachment":[{"href":"https:\/\/impactodenoticias.com.ar\/index.php?rest_route=%2Fwp%2Fv2%2Fmedia&parent=8366"}],"wp:term":[{"taxonomy":"category","embeddable":true,"href":"https:\/\/impactodenoticias.com.ar\/index.php?rest_route=%2Fwp%2Fv2%2Fcategories&post=8366"},{"taxonomy":"post_tag","embeddable":true,"href":"https:\/\/impactodenoticias.com.ar\/index.php?rest_route=%2Fwp%2Fv2%2Ftags&post=8366"}],"curies":[{"name":"wp","href":"https:\/\/api.w.org\/{rel}","templated":true}]}}