{"id":8394,"date":"2024-12-11T10:58:48","date_gmt":"2024-12-11T13:58:48","guid":{"rendered":"https:\/\/impactodenoticias.com.ar\/?p=8394"},"modified":"2024-12-11T10:58:49","modified_gmt":"2024-12-11T13:58:49","slug":"murio-el-hombre-que-habia-chocado-violentamente-un-camion-en-el-acceso-a-san-benito","status":"publish","type":"post","link":"https:\/\/impactodenoticias.com.ar\/?p=8394","title":{"rendered":"Muri\u00f3 el hombre que hab\u00eda chocado violentamente un cami\u00f3n en el acceso a San Benito"},"content":{"rendered":"\n<p class=\"has-medium-font-size\"><strong>Falleci\u00f3 el hombre que se encontraba internado despu\u00e9s de embestir su auto contra un cami\u00f3n en Ruta 12. El siniestro vial sucedi\u00f3 el s\u00e1bado.<\/strong><\/p>\n\n\n\n<p>Lamentablemente falleci\u00f3 el hombre que hab\u00eda protagonizado un violento accidente vial en el acceso a San Benito este s\u00e1bado. Ten\u00eda 36 a\u00f1os y hab\u00eda quedado internado en el Hospital San Mart\u00edn, debido a las graves lesiones sufridas tras el impacto de su auto contra un cami\u00f3n.<\/p>\n\n\n\n<p>El siniestro vial se produjo en Ruta 12. El auto choc\u00f3 de atr\u00e1s al cami\u00f3n. El conductor del veh\u00edculo de menor porte habr\u00eda sufrido un fuerte golpe en la cabeza y se encontraba en estado reservado. En la ma\u00f1ana de este mi\u00e9rcoles se confirm\u00f3 su fallecimiento.<\/p>\n\n\n\n<p><\/p>\n\n\n\n<figure class=\"wp-block-embed is-type-wp-embed is-provider-incrustado wp-block-embed-incrustado\"><div class=\"wp-block-embed__wrapper\">\n<blockquote class=\"wp-embedded-content\" data-secret=\"aU83IlzJyn\"><a href=\"https:\/\/impactodenoticias.com.ar\/?p=8220\">Ruta 12: el conductor de un autom\u00f3vil tuvo que ser hospitalizado tras embestir un cami\u00f3n desde atr\u00e1s<\/a><\/blockquote><iframe loading=\"lazy\" class=\"wp-embedded-content\" sandbox=\"allow-scripts\" security=\"restricted\" style=\"position: absolute; clip: rect(1px, 1px, 1px, 1px);\" title=\"\u00abRuta 12: el conductor de un autom\u00f3vil tuvo que ser hospitalizado tras embestir un cami\u00f3n desde atr\u00e1s\u00bb \u2014 \" src=\"https:\/\/impactodenoticias.com.ar\/?p=8220&#038;embed=true#?secret=cN0Chs30cw#?secret=aU83IlzJyn\" data-secret=\"aU83IlzJyn\" width=\"600\" height=\"338\" frameborder=\"0\" marginwidth=\"0\" marginheight=\"0\" scrolling=\"no\"><\/iframe>\n<\/div><\/figure>\n\n\n\n<p><\/p>\n","protected":false},"excerpt":{"rendered":"<p>Falleci&oacute; el hombre que se encontraba internado despu&eacute;s de embestir su auto contra un cami&oacute;n en Ruta 12. El siniestro vial sucedi&oacute; el s&aacute;bado. Lamentablemente falleci&oacute; el hombre que hab&iacute;a protagonizado un violento accidente vial en el acceso a San Benito este s&aacute;bado. Ten&iacute;a 36 a&ntilde;os y hab&iacute;a quedado internado en el Hospital San Mart&iacute;n, [&hellip;]<\/p>\n","protected":false},"author":2,"featured_media":8395,"comment_status":"open","ping_status":"open","sticky":false,"template":"","format":"standard","meta":{"footnotes":""},"categories":[3,8],"tags":[120,1818,252,95,293,386,189],"class_list":["post-8394","post","type-post","status-publish","format-standard","has-post-thumbnail","hentry","category-locales","category-policiales","tag-accidente","tag-conductor","tag-fallecio","tag-parana","tag-ruta-12","tag-san-benito","tag-vial"],"_links":{"self":[{"href":"https:\/\/impactodenoticias.com.ar\/index.php?rest_route=\/wp\/v2\/posts\/8394","targetHints":{"allow":["GET"]}}],"collection":[{"href":"https:\/\/impactodenoticias.com.ar\/index.php?rest_route=\/wp\/v2\/posts"}],"about":[{"href":"https:\/\/impactodenoticias.com.ar\/index.php?rest_route=\/wp\/v2\/types\/post"}],"author":[{"embeddable":true,"href":"https:\/\/impactodenoticias.com.ar\/index.php?rest_route=\/wp\/v2\/users\/2"}],"replies":[{"embeddable":true,"href":"https:\/\/impactodenoticias.com.ar\/index.php?rest_route=%2Fwp%2Fv2%2Fcomments&post=8394"}],"version-history":[{"count":1,"href":"https:\/\/impactodenoticias.com.ar\/index.php?rest_route=\/wp\/v2\/posts\/8394\/revisions"}],"predecessor-version":[{"id":8396,"href":"https:\/\/impactodenoticias.com.ar\/index.php?rest_route=\/wp\/v2\/posts\/8394\/revisions\/8396"}],"wp:featuredmedia":[{"embeddable":true,"href":"https:\/\/impactodenoticias.com.ar\/index.php?rest_route=\/wp\/v2\/media\/8395"}],"wp:attachment":[{"href":"https:\/\/impactodenoticias.com.ar\/index.php?rest_route=%2Fwp%2Fv2%2Fmedia&parent=8394"}],"wp:term":[{"taxonomy":"category","embeddable":true,"href":"https:\/\/impactodenoticias.com.ar\/index.php?rest_route=%2Fwp%2Fv2%2Fcategories&post=8394"},{"taxonomy":"post_tag","embeddable":true,"href":"https:\/\/impactodenoticias.com.ar\/index.php?rest_route=%2Fwp%2Fv2%2Ftags&post=8394"}],"curies":[{"name":"wp","href":"https:\/\/api.w.org\/{rel}","templated":true}]}}