{"id":8408,"date":"2024-12-11T19:17:20","date_gmt":"2024-12-11T22:17:20","guid":{"rendered":"https:\/\/impactodenoticias.com.ar\/?p=8408"},"modified":"2024-12-12T10:49:45","modified_gmt":"2024-12-12T13:49:45","slug":"revocan-la-prision-domiciliaria-del-represor-jorge-appiani-y-ordenan-su-regreso-a-la-unidad-penal-de-ezeiza","status":"publish","type":"post","link":"https:\/\/impactodenoticias.com.ar\/?p=8408","title":{"rendered":"Revocan la prisi\u00f3n domiciliaria del represor Jorge Appiani y ordenan su regreso a la Unidad Penal de Ezeiza"},"content":{"rendered":"\n<p class=\"has-medium-font-size\"><strong>La C\u00e1mara Federal de Apelaciones de Paran\u00e1 revoc\u00f3 la prisi\u00f3n domiciliaria otorgada al represor Jorge Appiani, condenado por delitos de lesa humanidad, y orden\u00f3 su inmediato traslado a la Unidad Penal N\u00b031 de Ezeiza o al Instituto Penal Federal Campo de Mayo.<\/strong><\/p>\n\n\n\n<p>La C\u00e1mara Federal de Apelaciones de Paran\u00e1, integrada por Noem\u00ed Berros, Roberto L\u00f3pez Arango y Lilia Carnero, resolvi\u00f3 en fallo un\u00e1nime revocar la prisi\u00f3n domiciliaria otorgada al represor Jorge Appiani, condenado por delitos de lesa humanidad, y orden\u00f3 su inmediato traslado a la Unidad Penal N\u00b031 de Ezeiza o al Instituto Penal Federal Campo de Mayo.<\/p>\n\n\n\n<p>La resoluci\u00f3n se decidi\u00f3 este mi\u00e9rcoles tras una presentaci\u00f3n realizada por los representantes de la Asociaci\u00f3n Civil Hijos e Hijas por la Identidad y la Justicia contra el Olvido y el Silencio \u2013 Regional Paran\u00e1 (H.I.J.O.S.); y los fiscales, Jos\u00e9 Candioti y Leandro Ardoy, contra la resoluci\u00f3n del juez federal de Paran\u00e1 Leandro R\u00edos, que el 25 de septiembre de 2023 le hab\u00eda otorgado el beneficio al represor por tener 70 a\u00f1os.<\/p>\n\n\n\n<p>Appiani, que se recibi\u00f3 de abogado en la c\u00e1rcel y hab\u00eda pedido en vano salidas transitorias e incorporarse al r\u00e9gimen de semilibertad para trabajar en un estudio jur\u00eddico, fue condenado en el marco de las causas \u00c1rea Paran\u00e1 I y II. Cuando recibi\u00f3 el beneficio, se instal\u00f3 en su departamento de la Ciudad Aut\u00f3noma de Buenos Aires.<\/p>\n\n\n\n<p>Entre los argumentos del fallo que le dio la posibilidad de salir de la c\u00e1rcel, se indic\u00f3 que super\u00f3 el l\u00edmite etario para estar en una c\u00e1rcel seg\u00fan lo dispuesto por la Ley Nacional de Ejecuci\u00f3n de Penas, y que el temor de las v\u00edctimas de Paran\u00e1 a tenerlo cerca mientras est\u00e9 fuera de un establecimiento penitenciario se ve anulado al tratarse de una prisi\u00f3n domiciliaria monitoreada con tobillera electr\u00f3nica en un departamento de Capital Federal.<\/p>\n\n\n\n<p>Appiani fue condenado por su rol en el genocidio perpetrado entre 1976 y 1983, en las causas \u00c1rea Paran\u00e1 I y \u00c1rea Paran\u00e1 II. En la primera, recibi\u00f3 la pena de 20 a\u00f1os de prisi\u00f3n, y en la segunda fue condenado a 16 a\u00f1os de c\u00e1rcel. Como esta \u00faltima a\u00fan no se encuentra firme, no se dispuso la unificaci\u00f3n de ambas penas. La Justicia, tras una larga lucha de las v\u00edctimas, sus familiares y los organismos de derechos humanos, comprob\u00f3 que Appiani cometi\u00f3 los delitos de privaci\u00f3n ileg\u00edtima de la libertad agravada, por haber sido cometida por funcionario p\u00fablico con abuso funcional en concurso real con el delito de imposici\u00f3n de severidades, vejaciones y apremios ilegales, contra numerosas v\u00edctimas.<\/p>\n\n\n\n<p>Ahora la jueza Noemi Berros resolvi\u00f3 revocar lo dictaminado por R\u00edos y hacer lugar al recurso de apelaci\u00f3n interpuesto por el Ministerio P\u00fablico Fiscal y revocar la resoluci\u00f3n del 25 de septiembre de 2023. En ese sentido, Berros dispuso el alojamiento de Appiani en el Complejo Penitenciario Federal I de Ezeiza (unidad N\u00b0 31) o en el Instituto Penal Federal Campo de Mayo (unidad N\u00b0 34), previo requerimiento de cupo a tales efectos.<\/p>\n","protected":false},"excerpt":{"rendered":"<p>La C&aacute;mara Federal de Apelaciones de Paran&aacute; revoc&oacute; la prisi&oacute;n domiciliaria otorgada al represor Jorge Appiani, condenado por delitos de lesa humanidad, y orden&oacute; su inmediato traslado a la Unidad Penal N&deg;31 de Ezeiza o al Instituto Penal Federal Campo de Mayo. La C&aacute;mara Federal de Apelaciones de Paran&aacute;, integrada por Noem&iacute; Berros, Roberto L&oacute;pez [&hellip;]<\/p>\n","protected":false},"author":2,"featured_media":8409,"comment_status":"open","ping_status":"open","sticky":false,"template":"","format":"standard","meta":{"footnotes":""},"categories":[90,10,4],"tags":[3428,1832,654,3427,957,3122],"class_list":["post-8408","post","type-post","status-publish","format-standard","has-post-thumbnail","hentry","category-judicial","category-nacionales","category-provinciales","tag-camara-federal-de-apelaciones","tag-domiciliaria","tag-ezeiza","tag-jorge-appiani","tag-prision","tag-unidad-penal"],"_links":{"self":[{"href":"https:\/\/impactodenoticias.com.ar\/index.php?rest_route=\/wp\/v2\/posts\/8408","targetHints":{"allow":["GET"]}}],"collection":[{"href":"https:\/\/impactodenoticias.com.ar\/index.php?rest_route=\/wp\/v2\/posts"}],"about":[{"href":"https:\/\/impactodenoticias.com.ar\/index.php?rest_route=\/wp\/v2\/types\/post"}],"author":[{"embeddable":true,"href":"https:\/\/impactodenoticias.com.ar\/index.php?rest_route=\/wp\/v2\/users\/2"}],"replies":[{"embeddable":true,"href":"https:\/\/impactodenoticias.com.ar\/index.php?rest_route=%2Fwp%2Fv2%2Fcomments&post=8408"}],"version-history":[{"count":1,"href":"https:\/\/impactodenoticias.com.ar\/index.php?rest_route=\/wp\/v2\/posts\/8408\/revisions"}],"predecessor-version":[{"id":8410,"href":"https:\/\/impactodenoticias.com.ar\/index.php?rest_route=\/wp\/v2\/posts\/8408\/revisions\/8410"}],"wp:featuredmedia":[{"embeddable":true,"href":"https:\/\/impactodenoticias.com.ar\/index.php?rest_route=\/wp\/v2\/media\/8409"}],"wp:attachment":[{"href":"https:\/\/impactodenoticias.com.ar\/index.php?rest_route=%2Fwp%2Fv2%2Fmedia&parent=8408"}],"wp:term":[{"taxonomy":"category","embeddable":true,"href":"https:\/\/impactodenoticias.com.ar\/index.php?rest_route=%2Fwp%2Fv2%2Fcategories&post=8408"},{"taxonomy":"post_tag","embeddable":true,"href":"https:\/\/impactodenoticias.com.ar\/index.php?rest_route=%2Fwp%2Fv2%2Ftags&post=8408"}],"curies":[{"name":"wp","href":"https:\/\/api.w.org\/{rel}","templated":true}]}}