{"id":8428,"date":"2024-12-12T09:09:10","date_gmt":"2024-12-12T12:09:10","guid":{"rendered":"https:\/\/impactodenoticias.com.ar\/?p=8428"},"modified":"2024-12-13T10:38:52","modified_gmt":"2024-12-13T13:38:52","slug":"ultimo-momento-gendarmeria-allana-los-departamentos-investigados-por-la-justicia-en-la-causa-relacionada-con-la-empresa-betails-s-a","status":"publish","type":"post","link":"https:\/\/impactodenoticias.com.ar\/?p=8428","title":{"rendered":"\u00daLTIMO MOMENTO: GENDARMER\u00cdA ALLANA LOS DEPARTAMENTOS INVESTIGADOS POR LA JUSTICIA EN LA CAUSA QUE RELACIONA AL SENADOR KUEIDER CON LAS UNIDADES"},"content":{"rendered":"\n<p class=\"has-medium-font-size\"><strong>Efectivos de Gendarmer\u00eda, allanan en estos momentos, los departamentos ubicados en Santiago del Estero al 500, en la ciudad de Paran\u00e1. Donde hay unidades pertenecientes a la empresa Betails S.A., investigada por la justicia, por su presunta relaci\u00f3n con el senador Edgardo Kueider.<\/strong><\/p>\n\n\n\n<p>Cabe se\u00f1alar que la Justicia provincial investiga si una empresa presuntamente relacionada con Kueider es la verdadera propietaria de algunas unidades ubicadas en el edificio de la calle Santiago del Estero al 500, en pleno centro de la capital entrerriana. Cuya construcci\u00f3n estuvo a cargo de la Empresa Constructora Cavalli,Dijovne,Szechz.<\/p>\n\n\n\n<p>El fiscal Jos\u00e9 Arias, encargado de la investigaci\u00f3n, se centra en la empresa Betails S.A., de la cual Kueider declar\u00f3 en su presentaci\u00f3n patrimonial de 2021 ser accionista del 50%. Betails fue creada con un capital inicial de 100.000 pesos y, aunque su objeto social es la compra de ganado, fuentes judiciales precisaron que nunca tuvo actividad real.<\/p>\n\n\n\n<p>Noticia en desarrollo\u2026<\/p>\n","protected":false},"excerpt":{"rendered":"<p>Efectivos de Gendarmer&iacute;a, allanan en estos momentos, los departamentos ubicados en Santiago del Estero al 500, en la ciudad de Paran&aacute;. Donde hay unidades pertenecientes a la empresa Betails S.A., investigada por la justicia, por su presunta relaci&oacute;n con el senador Edgardo Kueider. Cabe se&ntilde;alar que la Justicia provincial investiga si una empresa presuntamente relacionada [&hellip;]<\/p>\n","protected":false},"author":2,"featured_media":8429,"comment_status":"open","ping_status":"open","sticky":false,"template":"","format":"standard","meta":{"footnotes":""},"categories":[3,8],"tags":[395,3432,445,95],"class_list":["post-8428","post","type-post","status-publish","format-standard","has-post-thumbnail","hentry","category-locales","category-policiales","tag-allanamiento","tag-betails","tag-gendarmeria","tag-parana"],"_links":{"self":[{"href":"https:\/\/impactodenoticias.com.ar\/index.php?rest_route=\/wp\/v2\/posts\/8428","targetHints":{"allow":["GET"]}}],"collection":[{"href":"https:\/\/impactodenoticias.com.ar\/index.php?rest_route=\/wp\/v2\/posts"}],"about":[{"href":"https:\/\/impactodenoticias.com.ar\/index.php?rest_route=\/wp\/v2\/types\/post"}],"author":[{"embeddable":true,"href":"https:\/\/impactodenoticias.com.ar\/index.php?rest_route=\/wp\/v2\/users\/2"}],"replies":[{"embeddable":true,"href":"https:\/\/impactodenoticias.com.ar\/index.php?rest_route=%2Fwp%2Fv2%2Fcomments&post=8428"}],"version-history":[{"count":4,"href":"https:\/\/impactodenoticias.com.ar\/index.php?rest_route=\/wp\/v2\/posts\/8428\/revisions"}],"predecessor-version":[{"id":8436,"href":"https:\/\/impactodenoticias.com.ar\/index.php?rest_route=\/wp\/v2\/posts\/8428\/revisions\/8436"}],"wp:featuredmedia":[{"embeddable":true,"href":"https:\/\/impactodenoticias.com.ar\/index.php?rest_route=\/wp\/v2\/media\/8429"}],"wp:attachment":[{"href":"https:\/\/impactodenoticias.com.ar\/index.php?rest_route=%2Fwp%2Fv2%2Fmedia&parent=8428"}],"wp:term":[{"taxonomy":"category","embeddable":true,"href":"https:\/\/impactodenoticias.com.ar\/index.php?rest_route=%2Fwp%2Fv2%2Fcategories&post=8428"},{"taxonomy":"post_tag","embeddable":true,"href":"https:\/\/impactodenoticias.com.ar\/index.php?rest_route=%2Fwp%2Fv2%2Ftags&post=8428"}],"curies":[{"name":"wp","href":"https:\/\/api.w.org\/{rel}","templated":true}]}}