{"id":843,"date":"2024-07-05T18:51:15","date_gmt":"2024-07-05T21:51:15","guid":{"rendered":"https:\/\/impactodenoticias.com.ar\/?p=843"},"modified":"2024-07-05T18:51:16","modified_gmt":"2024-07-05T21:51:16","slug":"la-gestion-de-azcue-viven-en-narnia-apuntaron-desde-el-pj","status":"publish","type":"post","link":"https:\/\/impactodenoticias.com.ar\/?p=843","title":{"rendered":"La gesti\u00f3n de Azcu\u00e9: \u201cViven en Narnia apuntaron desde el PJ"},"content":{"rendered":"\n<p><strong>Tras la remoci\u00f3n de los nombres Juan y Eva Per\u00f3n del recinto de sesiones del Concejo Deliberante ocurrida en la sesi\u00f3n de ayer, Javier Orduna, congresal provincial y apoderado legal del PJ Concordia, indic\u00f3 esta ma\u00f1ana varias cuestiones para analizar.<\/strong><\/p>\n\n\n\n<p>Lo primero que se consult\u00f3 es cual fue la raz\u00f3n de convocar a una sesi\u00f3n extraordinaria para modificar los nombres. \u201cEvidentemente el Ejecutivo municipal tiene un inter\u00e9s que va por encima de otros temas. \u2018Primero se legisla esto y luego tal cosa\u2019. Nos preocupa que en seis meses de gobierno la primera iniciativa sea de estas caracter\u00edsticas cuando la recaudaci\u00f3n viene cayendo mes a mes\u201d, se\u00f1al\u00f3.<\/p>\n\n\n\n<p>Tambi\u00e9n apunt\u00f3 a la situaci\u00f3n social y econ\u00f3mica de Concordia. \u201cEl lunes, desde la agrupaci\u00f3n Renovaci\u00f3n Peronista, salimos a brindar comida en situaci\u00f3n de calle. Y encontramos a 27 personas en un radio de 10 cuadras\u201d, destac\u00f3.<\/p>\n\n\n\n<p>\u201cEst\u00e1n en Narnia. Venimos advirtiendo que est\u00e1 cayendo la recaudaci\u00f3n y el acto reflejo que tienen es salir a cambiar nombres de calles\u201d, dispar\u00f3. \u201cLo m\u00e1s lamentable es que los funcionarios responsables de esto est\u00e9n con la cabeza en otra cosa. Vinieron a realizar un supuesto cambio y hoy est\u00e1n cambiando nombres de cales, de salones\u201d, agreg\u00f3 Orduna a DiarioJunio. Orduna tambi\u00e9n puso la lupa en la actitud de los concejales del PJ que votaron a favor de la modificaci\u00f3n de Radio Ciudadana (FM 89,7) y otros temas en la sesi\u00f3n del martes pasado. Y sostuvo que mantienen dialogo con los ediles pero la realidad es que \u201ccada uno responde a intereses propios\u201d.<\/p>\n\n\n\n<p>\u201cLos verdaderos cambios no empiezan por los nombres. Lo que sugerimos, en vez de tener actitudes revanchistas, es que ellos est\u00e1n con derecho a nombrar todo lo que quieran pero es mejor crear\u201d, dijo. Por ejemplo, crear un Polideportivo y bautizarlo \u201cFederico Zorraqu\u00edn\u201d. \u201cEso es algo positivo\u201d, se\u00f1al\u00f3.<\/p>\n\n\n\n<p>Pero lo que observan es que la gesti\u00f3n actual, por un lado, convoca a un contrato de adhesi\u00f3n \u201cmal llamado acuerdo pol\u00edtico ya que no convocan\u201d y, al mismo tiempo, \u201cgeneran estas provocaciones\u201d. \u201cCualquiera sabe que el peronismo no va a estar feliz de que se modifiquen los nombres de las figuras m\u00e1s representativas del movimiento desde que existe\u201d, se\u00f1al\u00f3.<\/p>\n\n\n\n<p><strong>La actitud de los ediles del PJ en la votaci\u00f3n sobre la Radio Ciudadana<\/strong><\/p>\n\n\n\n<p>Orduna tambi\u00e9n reprob\u00f3 la actitud de los concejales del PJ que votaron a favor de la modificaci\u00f3n de Radio Ciudadana (FM 89,7) y otros temas en la sesi\u00f3n del martes. Orduna sostuvo que la verdadera finalidad de los cambios votados el martes es que en la emisora haya una l\u00ednea editorial diferente que \u201cno incomode\u201d a la gesti\u00f3n de Francisco Azcu\u00e9.<\/p>\n\n\n\n<p>Pablo Bovino, Claudia Villalba, Carolina Amiano y Guillermo Satal\u00eda M\u00e9ndez levantaron la mano a favor de cambiar la estructura de la radio porque hab\u00edan perge\u00f1ado un acuerdo consistente en que, a cambio, no se intentase modificar los nombres de calles, salones, etc. Pero la l\u00ednea que hab\u00edan bajado desde el PJ local era diferente. Orduna dijo que no estaban de acuerdo en \u201cvotar a cambio de\u2026\u201d. Y los hechos refrendaron esa postura. \u201cEstamos en presencia de gente que no cumple los acuerdos pol\u00edticos\u201d, apunt\u00f3.<\/p>\n\n\n\n<p>Orduna expres\u00f3 que mantienen dialogo con los ediles pero la realidad es que \u201ccada uno responde a intereses propios\u201d. De hecho, mencion\u00f3 que antes de ir a votar quedaron en comunicarse con ellos para dialogar acerca de los temas que se iban a tratar antes de la votaci\u00f3n. Pero se hizo la misma y nunca se comunicaron con el partido. Y a\u00f1adi\u00f3 que encontrarse en este momento ser\u00eda \u201cextempor\u00e1neo\u201d.<\/p>\n\n\n\n<p>\u201cAc\u00e1 no hay nada que no se sepa. Ac\u00e1 en el PJ hubo un proceso pol\u00edtico de renovaci\u00f3n de autoridades por primera vez en m\u00e1s de 20 a\u00f1os. Nosotros ganamos las elecciones y empezamos a disputar la agenda pol\u00edtica. Los concejales fueron puestos por la alianza pol\u00edtica que perdi\u00f3 las elecciones el 10 de diciembre de 2023. Cada concejal reporta a un cacique y nosotros somos nosotros\u201d, concluy\u00f3.<\/p>\n","protected":false},"excerpt":{"rendered":"<p>Tras la remoci&oacute;n de los nombres Juan y Eva Per&oacute;n del recinto de sesiones del Concejo Deliberante ocurrida en la sesi&oacute;n de ayer, Javier Orduna, congresal provincial y apoderado legal del PJ Concordia, indic&oacute; esta ma&ntilde;ana varias cuestiones para analizar. Lo primero que se consult&oacute; es cual fue la raz&oacute;n de convocar a una sesi&oacute;n [&hellip;]<\/p>\n","protected":false},"author":2,"featured_media":844,"comment_status":"open","ping_status":"open","sticky":false,"template":"","format":"standard","meta":{"footnotes":""},"categories":[11,4],"tags":[72,40,383,382,133],"class_list":["post-843","post","type-post","status-publish","format-standard","has-post-thumbnail","hentry","category-politica","category-provinciales","tag-concordia","tag-francisco-azcue","tag-javier-orduna","tag-pj","tag-radio-ciudadana"],"_links":{"self":[{"href":"https:\/\/impactodenoticias.com.ar\/index.php?rest_route=\/wp\/v2\/posts\/843","targetHints":{"allow":["GET"]}}],"collection":[{"href":"https:\/\/impactodenoticias.com.ar\/index.php?rest_route=\/wp\/v2\/posts"}],"about":[{"href":"https:\/\/impactodenoticias.com.ar\/index.php?rest_route=\/wp\/v2\/types\/post"}],"author":[{"embeddable":true,"href":"https:\/\/impactodenoticias.com.ar\/index.php?rest_route=\/wp\/v2\/users\/2"}],"replies":[{"embeddable":true,"href":"https:\/\/impactodenoticias.com.ar\/index.php?rest_route=%2Fwp%2Fv2%2Fcomments&post=843"}],"version-history":[{"count":1,"href":"https:\/\/impactodenoticias.com.ar\/index.php?rest_route=\/wp\/v2\/posts\/843\/revisions"}],"predecessor-version":[{"id":845,"href":"https:\/\/impactodenoticias.com.ar\/index.php?rest_route=\/wp\/v2\/posts\/843\/revisions\/845"}],"wp:featuredmedia":[{"embeddable":true,"href":"https:\/\/impactodenoticias.com.ar\/index.php?rest_route=\/wp\/v2\/media\/844"}],"wp:attachment":[{"href":"https:\/\/impactodenoticias.com.ar\/index.php?rest_route=%2Fwp%2Fv2%2Fmedia&parent=843"}],"wp:term":[{"taxonomy":"category","embeddable":true,"href":"https:\/\/impactodenoticias.com.ar\/index.php?rest_route=%2Fwp%2Fv2%2Fcategories&post=843"},{"taxonomy":"post_tag","embeddable":true,"href":"https:\/\/impactodenoticias.com.ar\/index.php?rest_route=%2Fwp%2Fv2%2Ftags&post=843"}],"curies":[{"name":"wp","href":"https:\/\/api.w.org\/{rel}","templated":true}]}}