{"id":8437,"date":"2024-12-12T09:33:18","date_gmt":"2024-12-12T12:33:18","guid":{"rendered":"https:\/\/impactodenoticias.com.ar\/?p=8437"},"modified":"2024-12-13T10:38:48","modified_gmt":"2024-12-13T13:38:48","slug":"ate-y-ajer-suman-sus-criticas-a-la-intervencion-del-iosper","status":"publish","type":"post","link":"https:\/\/impactodenoticias.com.ar\/?p=8437","title":{"rendered":"ATE y AJER suman sus cr\u00edticas a la intervenci\u00f3n del Iosper"},"content":{"rendered":"\n<p class=\"has-medium-font-size\"><strong>\u201cLa intervenci\u00f3n de la principal Obra Social de la Provincia dispuesta por el Gobernador Frigerio a trav\u00e9s del Decreto 3.675\/24 GOB, configura un grave retroceso que lesiona la representaci\u00f3n genuina de los afiliados\u201d, manifestaron desde ATE.<\/strong><\/p>\n\n\n\n<p>Y agregan que: \u201cla conducci\u00f3n colegiada del Iosper, de acuerdo a lo que establece su ley org\u00e1nica, constituye un principio irrenunciable de la ATE ya que se enmarca en el derecho que los afiliados naturales tienen de administrar por s\u00ed los recursos de la seguridad social que todos los meses en car\u00e1cter de aportes y contribuciones conforman el tesoro del organismo\u201d.<\/p>\n\n\n\n<p>\u201cPareciera que a trav\u00e9s del intempestivo procedimiento de barrer con el Directorio actual y los relativos argumentos esgrimidos por el gobierno para la intervenci\u00f3n iniciar\u00edan un esquema de mejora que podr\u00eda volcarse a un mejor servicio, pero llamativamente ni se mencionan cuestiones que son graves para el funcionamiento y que realmente atentan contra una prestaci\u00f3n de mayor eficiencia, como por ejemplo el baj\u00edsimo nivel de aportes y contribuciones, que ubica al Iosper \u00faltima en la grilla de obras sociales provinciales del pa\u00eds (ej. Iosper: 7% &#8211; San Juan: 14,5% &#8211; la mayor\u00eda por encima del 9%) o la disparada exponencial de los costos sanitarios\u201d, destacaron desde ATE.<\/p>\n\n\n\n<p>Y acotaron: \u00abM\u00e1s all\u00e1 de los redimensionamientos y reconversiones al que el Instituto seguramente debe ser sometido y el necesario apego a los procedimientos, de ninguna manera es el de la intervenci\u00f3n un razonamiento v\u00e1lido para resolver la situaci\u00f3n de fondo, cuando adem\u00e1s en las designaciones de los interventores aparecen nubarrones que, de m\u00ednima, generan justa suspicacia\u00bb, indic\u00f3 y remarc\u00f3: \u00abno a la intervenci\u00f3n, respeto a las conducciones democr\u00e1ticamente elegidas por los afiliados\u00bb.<\/p>\n\n\n\n<p><strong>Desde AJER expresaron su cuestionamiento al proceso de intervenci\u00f3n<\/strong> <strong>dispuesto por el gobierno<\/strong><\/p>\n\n\n\n<p>\u201cLa Comisi\u00f3n Directiva de Asociaci\u00f3n Judicial de Entre R\u00edos (AJER), expresa su firme apoyo y respaldo a todo el Directorio Obrero de la Obra Social Provincial, fundamentalmente al hasta hoy (por ayer) Presidente y compa\u00f1ero representante de esta Asociaci\u00f3n, Fernando Ca\u00f1ete, y expresa su m\u00e1s en\u00e9rgico rechazo a la intervenci\u00f3n del Iosper dispuesta por el Gobernador, ya que se trata de un verdadero atropello a los trabajadores que somos los leg\u00edtimos due\u00f1os de la Obra Social\u201d.<\/p>\n\n\n\n<p>Precis\u00f3 adem\u00e1s que: \u201cla sorpresiva intervenci\u00f3n, intempestiva y ejecutada en forma agresiva, genera gran incertidumbre sobre el futuro del Iosper y a las prestaciones que d\u00eda a d\u00eda requieren sus 300.000 afiliados, a la vez que representa un golpe institucional innecesario e injustificado, m\u00e1xime cuando de parte del directorio siempre se busc\u00f3 una instancia de di\u00e1logo en cada uno de los conflictos\u201d.<\/p>\n\n\n\n<p>Afirmaron luego que: \u201cen esa direcci\u00f3n y en la b\u00fasqueda de acciones totalmente democr\u00e1ticas, se puso a disposici\u00f3n la renuncia de la presidencia y la decisi\u00f3n de convocar r\u00e1pidamente a elecciones de Directores en representaci\u00f3n de todos los sectores, para la renovaci\u00f3n de la conducci\u00f3n del organismo y as\u00ed facilitar una instancia de acercamiento con el Poder Ejecutivo. Finalmente esto no sucedi\u00f3\u201d.<\/p>\n\n\n\n<p>AJER declar\u00f3 tambi\u00e9n que: \u201cesta acci\u00f3n del gobierno vulnera un principio democr\u00e1tico que nunca debi\u00f3 ser avasallado\u201d y anunci\u00f3 que, frente a esta situaci\u00f3n, se declara \u201cen estado de alerta a fin de seguir el desarrollo de los acontecimientos\u201d.<\/p>\n","protected":false},"excerpt":{"rendered":"<p>&ldquo;La intervenci&oacute;n de la principal Obra Social de la Provincia dispuesta por el Gobernador Frigerio a trav&eacute;s del Decreto 3.675\/24 GOB, configura un grave retroceso que lesiona la representaci&oacute;n genuina de los afiliados&rdquo;, manifestaron desde ATE. Y agregan que: &ldquo;la conducci&oacute;n colegiada del Iosper, de acuerdo a lo que establece su ley org&aacute;nica, constituye un [&hellip;]<\/p>\n","protected":false},"author":2,"featured_media":8438,"comment_status":"open","ping_status":"open","sticky":false,"template":"","format":"standard","meta":{"footnotes":""},"categories":[91,11,4],"tags":[3433,103,3012,329,39],"class_list":["post-8437","post","type-post","status-publish","format-standard","has-post-thumbnail","hentry","category-gremiales","category-politica","category-provinciales","tag-ajer","tag-ate","tag-intervencion","tag-iosper","tag-rogelio-frigerio"],"_links":{"self":[{"href":"https:\/\/impactodenoticias.com.ar\/index.php?rest_route=\/wp\/v2\/posts\/8437","targetHints":{"allow":["GET"]}}],"collection":[{"href":"https:\/\/impactodenoticias.com.ar\/index.php?rest_route=\/wp\/v2\/posts"}],"about":[{"href":"https:\/\/impactodenoticias.com.ar\/index.php?rest_route=\/wp\/v2\/types\/post"}],"author":[{"embeddable":true,"href":"https:\/\/impactodenoticias.com.ar\/index.php?rest_route=\/wp\/v2\/users\/2"}],"replies":[{"embeddable":true,"href":"https:\/\/impactodenoticias.com.ar\/index.php?rest_route=%2Fwp%2Fv2%2Fcomments&post=8437"}],"version-history":[{"count":1,"href":"https:\/\/impactodenoticias.com.ar\/index.php?rest_route=\/wp\/v2\/posts\/8437\/revisions"}],"predecessor-version":[{"id":8439,"href":"https:\/\/impactodenoticias.com.ar\/index.php?rest_route=\/wp\/v2\/posts\/8437\/revisions\/8439"}],"wp:featuredmedia":[{"embeddable":true,"href":"https:\/\/impactodenoticias.com.ar\/index.php?rest_route=\/wp\/v2\/media\/8438"}],"wp:attachment":[{"href":"https:\/\/impactodenoticias.com.ar\/index.php?rest_route=%2Fwp%2Fv2%2Fmedia&parent=8437"}],"wp:term":[{"taxonomy":"category","embeddable":true,"href":"https:\/\/impactodenoticias.com.ar\/index.php?rest_route=%2Fwp%2Fv2%2Fcategories&post=8437"},{"taxonomy":"post_tag","embeddable":true,"href":"https:\/\/impactodenoticias.com.ar\/index.php?rest_route=%2Fwp%2Fv2%2Ftags&post=8437"}],"curies":[{"name":"wp","href":"https:\/\/api.w.org\/{rel}","templated":true}]}}