{"id":8502,"date":"2024-12-13T21:08:25","date_gmt":"2024-12-14T00:08:25","guid":{"rendered":"https:\/\/impactodenoticias.com.ar\/?p=8502"},"modified":"2024-12-13T21:08:26","modified_gmt":"2024-12-14T00:08:26","slug":"vecinos-de-concordia-decidieron-sacar-con-palas-el-monticulo-de-tierra-que-impide-el-ingreso-a-la-ciudad","status":"publish","type":"post","link":"https:\/\/impactodenoticias.com.ar\/?p=8502","title":{"rendered":"Vecinos de Concordia decidieron sacar con palas el mont\u00edculo de tierra que impide el ingreso a la ciudad"},"content":{"rendered":"\n<h3 class=\"wp-block-heading\">Un grupo de vecinos del sector sur de Concordia decidi\u00f3 sacar por mano propia, palas en mano, un mont\u00edculo de tierra que obstru\u00eda el ingreso por la Y Griega, en la intersecci\u00f3n con la Ruta 14.<\/h3>\n\n\n\n<p>\u201cEstamos bajando la monta\u00f1a de tierra para que se pueda transitar ya que nadie, pero nadie, ni el gobierno provincial ni el municipal, nos da respuesta\u201d, se\u00f1alaron enojados los vecinos a un cronista de un diario local. Seg\u00fan informaron, la decisi\u00f3n de actuar por cuenta propia surge de la frustraci\u00f3n generada por la falta de avances oficiales en la obra.<\/p>\n\n\n\n<p>\u201cNos cortaron el cruce en el sem\u00e1foro, es un caos y se genera un embotellamiento en la esquina, sobre todo por el tr\u00e1nsito de camiones\u201d, detallaron los vecinos y comerciantes de ese sector al sur de Concordia.<\/p>\n\n\n\n<p>Seg\u00fan precisan, \u201clos frentistas de la avenida Presidente Per\u00f3n, hacia el Parque Industrial, somos lo que estamos perjudicados\u201d.<\/p>\n\n\n\n<p>Los vecinos expresaron que el corte les causa un perjuicio econ\u00f3mico, ya que la zona ha dejado de ser transitada. \u201cTenemos metal\u00fargicas, talleres, casas de repuestos y comercios de varios rubros que est\u00e1n afectados porque pr\u00e1cticamente somos invisibles; solo quienes nos conocen vienen por trabajo\u201d, asegur\u00f3 Alejandro, propietario de una metal\u00fargica.<\/p>\n\n\n\n<p>Y peticion\u00f3 \u201cque habiliten el paso e, incluso, que reabran la \u2018Y\u2019, que lleva m\u00e1s de un a\u00f1o cerrada\u201d.<\/p>\n\n\n\n<p>Seg\u00fan destacan, la demora en esta obra genera consecuencias negativas que repercuten en la econom\u00eda local, ya que provoca retrasos en la entrega y recepci\u00f3n de mercanc\u00edas, impactan en los tiempos de producci\u00f3n y afectan la log\u00edstica de las empresas ubicadas en la zona, que dependen de una circulaci\u00f3n eficiente para mantener sus operaciones.<\/p>\n\n\n\n<p>Esta prohibici\u00f3n de ingreso r\u00e1pido por Y Griega fue motivo de varios reclamos de los vecinos de la zona. El mismo estaba relacionado con un proyecto financiado inicialmente con fondos de la Naci\u00f3n.<\/p>\n\n\n\n<p>Sobre esto, el Secretario de Desarrollo Urbano de la Municipalidad de Concordia, Alejandro L\u00f3pez, detall\u00f3 que los trabajos \u201cestaban siendo financiados con fondos de Naci\u00f3n pero entre julio y agosto (de este a\u00f1o) se tom\u00f3 la decisi\u00f3n que Naci\u00f3n le ceda a la Provincia, para que (esta \u00faltima) asuma el compromiso de financiarla\u201d.<\/p>\n\n\n\n<p>Cabe se\u00f1alar que el acceso a Concordia mas pr\u00f3ximo, es el ubicado por Ruta 22, ingreso a zona de El Martillo y Villa Adela, hoy liberado gracias a vecinos de la zona.<\/p>\n","protected":false},"excerpt":{"rendered":"<p>Un grupo de vecinos del sector sur de Concordia decidi&oacute; sacar por mano propia, palas en mano, un mont&iacute;culo de tierra que obstru&iacute;a el ingreso por la Y Griega, en la intersecci&oacute;n con la Ruta 14. &ldquo;Estamos bajando la monta&ntilde;a de tierra para que se pueda transitar ya que nadie, pero nadie, ni el gobierno [&hellip;]<\/p>\n","protected":false},"author":2,"featured_media":8503,"comment_status":"open","ping_status":"open","sticky":false,"template":"","format":"standard","meta":{"footnotes":""},"categories":[4,49],"tags":[72,2970,3471,496,3472],"class_list":["post-8502","post","type-post","status-publish","format-standard","has-post-thumbnail","hentry","category-provinciales","category-sociedad","tag-concordia","tag-ingreso","tag-liberan","tag-vecinos","tag-zona-sur"],"_links":{"self":[{"href":"https:\/\/impactodenoticias.com.ar\/index.php?rest_route=\/wp\/v2\/posts\/8502","targetHints":{"allow":["GET"]}}],"collection":[{"href":"https:\/\/impactodenoticias.com.ar\/index.php?rest_route=\/wp\/v2\/posts"}],"about":[{"href":"https:\/\/impactodenoticias.com.ar\/index.php?rest_route=\/wp\/v2\/types\/post"}],"author":[{"embeddable":true,"href":"https:\/\/impactodenoticias.com.ar\/index.php?rest_route=\/wp\/v2\/users\/2"}],"replies":[{"embeddable":true,"href":"https:\/\/impactodenoticias.com.ar\/index.php?rest_route=%2Fwp%2Fv2%2Fcomments&post=8502"}],"version-history":[{"count":1,"href":"https:\/\/impactodenoticias.com.ar\/index.php?rest_route=\/wp\/v2\/posts\/8502\/revisions"}],"predecessor-version":[{"id":8504,"href":"https:\/\/impactodenoticias.com.ar\/index.php?rest_route=\/wp\/v2\/posts\/8502\/revisions\/8504"}],"wp:featuredmedia":[{"embeddable":true,"href":"https:\/\/impactodenoticias.com.ar\/index.php?rest_route=\/wp\/v2\/media\/8503"}],"wp:attachment":[{"href":"https:\/\/impactodenoticias.com.ar\/index.php?rest_route=%2Fwp%2Fv2%2Fmedia&parent=8502"}],"wp:term":[{"taxonomy":"category","embeddable":true,"href":"https:\/\/impactodenoticias.com.ar\/index.php?rest_route=%2Fwp%2Fv2%2Fcategories&post=8502"},{"taxonomy":"post_tag","embeddable":true,"href":"https:\/\/impactodenoticias.com.ar\/index.php?rest_route=%2Fwp%2Fv2%2Ftags&post=8502"}],"curies":[{"name":"wp","href":"https:\/\/api.w.org\/{rel}","templated":true}]}}