{"id":852,"date":"2024-07-06T10:17:50","date_gmt":"2024-07-06T13:17:50","guid":{"rendered":"https:\/\/impactodenoticias.com.ar\/?p=852"},"modified":"2024-07-06T10:17:51","modified_gmt":"2024-07-06T13:17:51","slug":"rige-alerta-por-frio-extremo-en-entre-rios-el-pronostico-extendido-para-el-fin-de-semana","status":"publish","type":"post","link":"https:\/\/impactodenoticias.com.ar\/?p=852","title":{"rendered":"Rige alerta por fr\u00edo extremo en Entre R\u00edos: el pron\u00f3stico extendido para el fin de semana"},"content":{"rendered":"\n<p><strong>Todos los departamentos entrerrianos est\u00e1n bajo alerta amarilla por fr\u00edo extremo. En Paran\u00e1 este s\u00e1bado la temperatura m\u00ednima es de 1\u00baC, en Gualeguaych\u00fa, Concepci\u00f3n del Uruguay, Col\u00f3n y Gualeguay se registraron -4,4\u00b0C.<\/strong><\/p>\n\n\n\n<p>El Servicio Meteorol\u00f3gico Nacional (SMN), anunci\u00f3 que todos los departamentos de Entre R\u00edos se encuentran bajo alerta amarilla por temperaturas fr\u00edas extremas.<\/p>\n\n\n\n<p>Vale recordar que un evento de estas caracter\u00edsticas es un per\u00edodo en el que se espera que se registren valores de temperatura m\u00e1xima y m\u00ednima que pueden poner en peligro la salud de las personas.<\/p>\n\n\n\n<p><\/p>\n\n\n\n<figure class=\"wp-block-image size-full\"><img loading=\"lazy\" decoding=\"async\" width=\"464\" height=\"758\" src=\"https:\/\/impactodenoticias.com.ar\/wp-content\/uploads\/2024\/07\/scrnli_6_7_2024_10-07-34.png\" alt=\"\" class=\"wp-image-853\" srcset=\"https:\/\/impactodenoticias.com.ar\/wp-content\/uploads\/2024\/07\/scrnli_6_7_2024_10-07-34.png 464w, https:\/\/impactodenoticias.com.ar\/wp-content\/uploads\/2024\/07\/scrnli_6_7_2024_10-07-34-184x300.png 184w\" sizes=\"auto, (max-width: 464px) 100vw, 464px\" \/><\/figure>\n\n\n\n<p><\/p>\n\n\n\n<p>Para este s\u00e1bado se pronostica una m\u00ednima de 1\u00baC en Paran\u00e1, y una m\u00e1xima de 12\u00baC. El cielo se encuentra parcialmente nublado.<\/p>\n\n\n\n<p>En localidades como Gualeguaych\u00fa, Concepci\u00f3n del Uruguay, Col\u00f3n y Gualeguay se registr\u00f3 una m\u00ednima de de -4,4\u00baC y una sensaci\u00f3n t\u00e9rmica de -9,4\u00b0C a las 7 de la ma\u00f1ana. Se espera que la m\u00e1xima no supere los de 10\u00baC durante el resto de la jornada.<\/p>\n\n\n\n<p>Mientras que para el domingo, se anticipa una m\u00ednima de 2\u00baC y una m\u00e1xima de 12\u00baC en la capital entrerriana. En las ciudades de la provincia ubicadas sobre la costa del r\u00edo Uruguay, se prev\u00e9 una m\u00ednima de 1\u00baC y m\u00e1xima de 10\u00baC.<\/p>\n\n\n\n<p>Para el lunes se mantendr\u00e1n similares marcas t\u00e9rmicas y las m\u00ednimas oscilar\u00e1n entre los 1\u00baC y 2\u00baC en la provincia, mientras que las m\u00e1ximas no superar\u00e1n los 13\u00baC.<\/p>\n\n\n\n<p>El 9 de Julio, D\u00eda de la Independencia y feriado nacional, se experimentar\u00e1 una jornada parcialmente nublada y la temperatura se mantendr\u00e1 muy baja: rondar\u00e1 los 2\u00baC de m\u00ednima y los 16\u00ba C de m\u00e1xima.<\/p>\n","protected":false},"excerpt":{"rendered":"<p>Todos los departamentos entrerrianos est&aacute;n bajo alerta amarilla por fr&iacute;o extremo. En Paran&aacute; este s&aacute;bado la temperatura m&iacute;nima es de 1&ordm;C, en Gualeguaych&uacute;, Concepci&oacute;n del Uruguay, Col&oacute;n y Gualeguay se registraron -4,4&deg;C. El Servicio Meteorol&oacute;gico Nacional (SMN), anunci&oacute; que todos los departamentos de Entre R&iacute;os se encuentran bajo alerta amarilla por temperaturas fr&iacute;as extremas. Vale [&hellip;]<\/p>\n","protected":false},"author":2,"featured_media":854,"comment_status":"open","ping_status":"open","sticky":false,"template":"","format":"standard","meta":{"footnotes":""},"categories":[4,49],"tags":[38,33],"class_list":["post-852","post","type-post","status-publish","format-standard","has-post-thumbnail","hentry","category-provinciales","category-sociedad","tag-clima","tag-entre-rios"],"_links":{"self":[{"href":"https:\/\/impactodenoticias.com.ar\/index.php?rest_route=\/wp\/v2\/posts\/852","targetHints":{"allow":["GET"]}}],"collection":[{"href":"https:\/\/impactodenoticias.com.ar\/index.php?rest_route=\/wp\/v2\/posts"}],"about":[{"href":"https:\/\/impactodenoticias.com.ar\/index.php?rest_route=\/wp\/v2\/types\/post"}],"author":[{"embeddable":true,"href":"https:\/\/impactodenoticias.com.ar\/index.php?rest_route=\/wp\/v2\/users\/2"}],"replies":[{"embeddable":true,"href":"https:\/\/impactodenoticias.com.ar\/index.php?rest_route=%2Fwp%2Fv2%2Fcomments&post=852"}],"version-history":[{"count":1,"href":"https:\/\/impactodenoticias.com.ar\/index.php?rest_route=\/wp\/v2\/posts\/852\/revisions"}],"predecessor-version":[{"id":855,"href":"https:\/\/impactodenoticias.com.ar\/index.php?rest_route=\/wp\/v2\/posts\/852\/revisions\/855"}],"wp:featuredmedia":[{"embeddable":true,"href":"https:\/\/impactodenoticias.com.ar\/index.php?rest_route=\/wp\/v2\/media\/854"}],"wp:attachment":[{"href":"https:\/\/impactodenoticias.com.ar\/index.php?rest_route=%2Fwp%2Fv2%2Fmedia&parent=852"}],"wp:term":[{"taxonomy":"category","embeddable":true,"href":"https:\/\/impactodenoticias.com.ar\/index.php?rest_route=%2Fwp%2Fv2%2Fcategories&post=852"},{"taxonomy":"post_tag","embeddable":true,"href":"https:\/\/impactodenoticias.com.ar\/index.php?rest_route=%2Fwp%2Fv2%2Ftags&post=852"}],"curies":[{"name":"wp","href":"https:\/\/api.w.org\/{rel}","templated":true}]}}