{"id":856,"date":"2024-07-06T10:37:16","date_gmt":"2024-07-06T13:37:16","guid":{"rendered":"https:\/\/impactodenoticias.com.ar\/?p=856"},"modified":"2024-07-06T10:37:18","modified_gmt":"2024-07-06T13:37:18","slug":"san-jose-exploto-una-caldera-de-agua-caliente-en-un-galpon-y-dejo-a-cinco-personas-heridas","status":"publish","type":"post","link":"https:\/\/impactodenoticias.com.ar\/?p=856","title":{"rendered":"San Jos\u00e9: explot\u00f3 una caldera de agua caliente en un galp\u00f3n y dej\u00f3 a cinco personas heridas"},"content":{"rendered":"\n<h4 class=\"wp-block-heading\">Una caldera explot\u00f3 en un galp\u00f3n de grasa vacuna en San Jos\u00e9, dejando cinco heridos uno de ellos de gravedad. El incidente sucedi\u00f3 pasado el mediod\u00eda del viernes y las v\u00edctimas fueron llevadas al hospital local.<\/h4>\n\n\n\n<p>Una explosi\u00f3n en una caldera dej\u00f3 a cinco personas heridas este viernes al mediod\u00eda. Polic\u00eda y Bomberos de San Jos\u00e9 acudieron a la emergencia en el Camino a Liebig e Itaicor\u00e1, donde una caldera de agua caliente explot\u00f3 en un galp\u00f3n dedicado a la elaboraci\u00f3n de grasa vacuna.<\/p>\n\n\n\n<p><\/p>\n\n\n\n<figure class=\"wp-block-image size-full\"><img loading=\"lazy\" decoding=\"async\" width=\"800\" height=\"450\" src=\"https:\/\/impactodenoticias.com.ar\/wp-content\/uploads\/2024\/07\/o_1720267956_1.jpg\" alt=\"\" class=\"wp-image-857\" srcset=\"https:\/\/impactodenoticias.com.ar\/wp-content\/uploads\/2024\/07\/o_1720267956_1.jpg 800w, https:\/\/impactodenoticias.com.ar\/wp-content\/uploads\/2024\/07\/o_1720267956_1-300x169.jpg 300w, https:\/\/impactodenoticias.com.ar\/wp-content\/uploads\/2024\/07\/o_1720267956_1-768x432.jpg 768w\" sizes=\"auto, (max-width: 800px) 100vw, 800px\" \/><\/figure>\n\n\n\n<p>El incidente se produjo pasado el mediod\u00eda de este viernes, cuando el personal de la comisar\u00eda de La Picada recibi\u00f3 un llamado de emergencia. Cuatro hombres mayores de edad sufrieron heridas de gravedad y fueron trasladados de inmediato al Hospital de San Jos\u00e9 para recibir atenci\u00f3n m\u00e9dica. Posteriormente, uno de los heridos fue derivado al nosocomio de la ciudad de Col\u00f3n para realizar estudios adicionales.<\/p>\n\n\n\n<p><\/p>\n\n\n\n<figure class=\"wp-block-image size-full\"><img loading=\"lazy\" decoding=\"async\" width=\"800\" height=\"450\" src=\"https:\/\/impactodenoticias.com.ar\/wp-content\/uploads\/2024\/07\/o_1720267956.jpg\" alt=\"\" class=\"wp-image-858\" srcset=\"https:\/\/impactodenoticias.com.ar\/wp-content\/uploads\/2024\/07\/o_1720267956.jpg 800w, https:\/\/impactodenoticias.com.ar\/wp-content\/uploads\/2024\/07\/o_1720267956-300x169.jpg 300w, https:\/\/impactodenoticias.com.ar\/wp-content\/uploads\/2024\/07\/o_1720267956-768x432.jpg 768w\" sizes=\"auto, (max-width: 800px) 100vw, 800px\" \/><\/figure>\n\n\n\n<p><\/p>\n\n\n\n<p>Seg\u00fan se confirm\u00f3, dos de los heridos presentaron lesiones graves, mientras que los dem\u00e1s sufrieron lesiones leves.<\/p>\n\n\n\n<p>Intervinieron la Unidad de Rescate Municipal, el hospital San Jos\u00e9 y una empresa privada.<\/p>\n","protected":false},"excerpt":{"rendered":"<p>Una caldera explot&oacute; en un galp&oacute;n de grasa vacuna en San Jos&eacute;, dejando cinco heridos uno de ellos de gravedad. El incidente sucedi&oacute; pasado el mediod&iacute;a del viernes y las v&iacute;ctimas fueron llevadas al hospital local. Una explosi&oacute;n en una caldera dej&oacute; a cinco personas heridas este viernes al mediod&iacute;a. Polic&iacute;a y Bomberos de San [&hellip;]<\/p>\n","protected":false},"author":2,"featured_media":859,"comment_status":"open","ping_status":"open","sticky":false,"template":"","format":"standard","meta":{"footnotes":""},"categories":[8,4],"tags":[392,33,393,394,390],"class_list":["post-856","post","type-post","status-publish","format-standard","has-post-thumbnail","hentry","category-policiales","category-provinciales","tag-caldera","tag-entre-rios","tag-explosion","tag-heridos","tag-san-jose"],"_links":{"self":[{"href":"https:\/\/impactodenoticias.com.ar\/index.php?rest_route=\/wp\/v2\/posts\/856","targetHints":{"allow":["GET"]}}],"collection":[{"href":"https:\/\/impactodenoticias.com.ar\/index.php?rest_route=\/wp\/v2\/posts"}],"about":[{"href":"https:\/\/impactodenoticias.com.ar\/index.php?rest_route=\/wp\/v2\/types\/post"}],"author":[{"embeddable":true,"href":"https:\/\/impactodenoticias.com.ar\/index.php?rest_route=\/wp\/v2\/users\/2"}],"replies":[{"embeddable":true,"href":"https:\/\/impactodenoticias.com.ar\/index.php?rest_route=%2Fwp%2Fv2%2Fcomments&post=856"}],"version-history":[{"count":1,"href":"https:\/\/impactodenoticias.com.ar\/index.php?rest_route=\/wp\/v2\/posts\/856\/revisions"}],"predecessor-version":[{"id":860,"href":"https:\/\/impactodenoticias.com.ar\/index.php?rest_route=\/wp\/v2\/posts\/856\/revisions\/860"}],"wp:featuredmedia":[{"embeddable":true,"href":"https:\/\/impactodenoticias.com.ar\/index.php?rest_route=\/wp\/v2\/media\/859"}],"wp:attachment":[{"href":"https:\/\/impactodenoticias.com.ar\/index.php?rest_route=%2Fwp%2Fv2%2Fmedia&parent=856"}],"wp:term":[{"taxonomy":"category","embeddable":true,"href":"https:\/\/impactodenoticias.com.ar\/index.php?rest_route=%2Fwp%2Fv2%2Fcategories&post=856"},{"taxonomy":"post_tag","embeddable":true,"href":"https:\/\/impactodenoticias.com.ar\/index.php?rest_route=%2Fwp%2Fv2%2Ftags&post=856"}],"curies":[{"name":"wp","href":"https:\/\/api.w.org\/{rel}","templated":true}]}}