{"id":8567,"date":"2024-12-15T11:03:59","date_gmt":"2024-12-15T14:03:59","guid":{"rendered":"https:\/\/impactodenoticias.com.ar\/?p=8567"},"modified":"2024-12-16T10:47:24","modified_gmt":"2024-12-16T13:47:24","slug":"legisladores-peronistas-se-expresaron-por-el-fallecimiento-del-ministro-panceri","status":"publish","type":"post","link":"https:\/\/impactodenoticias.com.ar\/?p=8567","title":{"rendered":"Legisladores peronistas se expresaron por el fallecimiento del ministro Panceri"},"content":{"rendered":"\n<h3 class=\"wp-block-heading\">El bloque de diputados \u201cM\u00e1s Para Entre R\u00edos\u201d expres\u00f3 sus condolencias para la familia y el gabinete provincial. Fue despedido como \u00abun profesional comprometido y de dilatada trayectoria\u00bb.<\/h3>\n\n\n\n<p>Los diputados del bloque peronista \u201cM\u00e1s Para Entre R\u00edos\u201d lamentaron \u201cprofundamente\u201d el fallecimiento del Contador P\u00fablico Julio Panceri, quien se desempe\u00f1aba al frente del Ministerio de Hacienda y Finanzas de la provincia de Entre R\u00edos.<\/p>\n\n\n\n<p>El bloque hizo llegar sus condolencias a familiares y amigos y acompa\u00f1\u00f3 el pesar que esta noticia caus\u00f3 en el seno del gabinete provincial. \u201cDeseamos para su familia una pronta resignaci\u00f3n\u201d, expresaron.<\/p>\n\n\n\n<p>Destacaron que Panceri \u201cfue un profesional comprometido y de dilatada trayectoria en amplios aspectos de la actividad relacionada con la econom\u00eda y las finanzas\u201d. Fue docente universitario en la UTN sede Paran\u00e1 y en la Universidad Nacional de La Plata; estuvo al frente de la Direcci\u00f3n del Centro de Estudios Sociales y Econ\u00f3micos para el Desarrollo; fue consultor y analista econ\u00f3mico especializado en temas ambientales, energ\u00e9ticos y presupuestarios, y en ese \u00e1mbito tambi\u00e9n fue autor de varios libros, concluyeron.<\/p>\n","protected":false},"excerpt":{"rendered":"<p>El bloque de diputados &ldquo;M&aacute;s Para Entre R&iacute;os&rdquo; expres&oacute; sus condolencias para la familia y el gabinete provincial. Fue despedido como &laquo;un profesional comprometido y de dilatada trayectoria&raquo;. Los diputados del bloque peronista &ldquo;M&aacute;s Para Entre R&iacute;os&rdquo; lamentaron &ldquo;profundamente&rdquo; el fallecimiento del Contador P&uacute;blico Julio Panceri, quien se desempe&ntilde;aba al frente del Ministerio de Hacienda [&hellip;]<\/p>\n","protected":false},"author":2,"featured_media":8519,"comment_status":"open","ping_status":"open","sticky":false,"template":"","format":"standard","meta":{"footnotes":""},"categories":[11,49],"tags":[3253,127,33,1443,369,1468],"class_list":["post-8567","post","type-post","status-publish","format-standard","has-post-thumbnail","hentry","category-politica","category-sociedad","tag-condolencias","tag-diputados","tag-entre-rios","tag-julio-panceri","tag-muerte","tag-peronistas"],"_links":{"self":[{"href":"https:\/\/impactodenoticias.com.ar\/index.php?rest_route=\/wp\/v2\/posts\/8567","targetHints":{"allow":["GET"]}}],"collection":[{"href":"https:\/\/impactodenoticias.com.ar\/index.php?rest_route=\/wp\/v2\/posts"}],"about":[{"href":"https:\/\/impactodenoticias.com.ar\/index.php?rest_route=\/wp\/v2\/types\/post"}],"author":[{"embeddable":true,"href":"https:\/\/impactodenoticias.com.ar\/index.php?rest_route=\/wp\/v2\/users\/2"}],"replies":[{"embeddable":true,"href":"https:\/\/impactodenoticias.com.ar\/index.php?rest_route=%2Fwp%2Fv2%2Fcomments&post=8567"}],"version-history":[{"count":3,"href":"https:\/\/impactodenoticias.com.ar\/index.php?rest_route=\/wp\/v2\/posts\/8567\/revisions"}],"predecessor-version":[{"id":8572,"href":"https:\/\/impactodenoticias.com.ar\/index.php?rest_route=\/wp\/v2\/posts\/8567\/revisions\/8572"}],"wp:featuredmedia":[{"embeddable":true,"href":"https:\/\/impactodenoticias.com.ar\/index.php?rest_route=\/wp\/v2\/media\/8519"}],"wp:attachment":[{"href":"https:\/\/impactodenoticias.com.ar\/index.php?rest_route=%2Fwp%2Fv2%2Fmedia&parent=8567"}],"wp:term":[{"taxonomy":"category","embeddable":true,"href":"https:\/\/impactodenoticias.com.ar\/index.php?rest_route=%2Fwp%2Fv2%2Fcategories&post=8567"},{"taxonomy":"post_tag","embeddable":true,"href":"https:\/\/impactodenoticias.com.ar\/index.php?rest_route=%2Fwp%2Fv2%2Ftags&post=8567"}],"curies":[{"name":"wp","href":"https:\/\/api.w.org\/{rel}","templated":true}]}}