{"id":8670,"date":"2024-12-17T09:50:31","date_gmt":"2024-12-17T12:50:31","guid":{"rendered":"https:\/\/impactodenoticias.com.ar\/?p=8670"},"modified":"2024-12-17T09:52:18","modified_gmt":"2024-12-17T12:52:18","slug":"concordia-el-ministerio-publico-fiscal-pidio-30-anos-de-carcel-para-el-curandero-acusado-de-cuatro-abusos-sexuales","status":"publish","type":"post","link":"https:\/\/impactodenoticias.com.ar\/?p=8670","title":{"rendered":"Concordia: el Ministerio P\u00fablico Fiscal pidi\u00f3 30 a\u00f1os de c\u00e1rcel para el curandero acusado de cuatro abusos sexuales"},"content":{"rendered":"\n<h3 class=\"wp-block-heading\">La fiscal\u00eda pidi\u00f3 una pena de 30 a\u00f1os de prisi\u00f3n para el curandero concordiense acusado de cuatro abusos sexuales. La defensa solicit\u00f3 la absoluci\u00f3n de Ram\u00f3n Zabala.<\/h3>\n\n\n\n<p>La fiscal\u00eda solicit\u00f3 este lunes una pena de 30 a\u00f1os de prisi\u00f3n para el curandero concordiense acusado de ser el responsable de cuatro abusos sexuales. Mientras que la defensa pidi\u00f3 la absoluci\u00f3n de Ram\u00f3n Zabala. El Tribunal integrado por Pablo Jorge Garrera Allende, Silvina Gallo y Mar\u00eda Clara Mondrag\u00f3n pas\u00f3 a un cuarto intermedio y en pocos d\u00edas m\u00e1s dar\u00e1n a conocer su veredicto.<\/p>\n\n\n\n<p>El \u201ccurandero\u201d se encuentra en la Unidad Penal N\u00b0 3 con prisi\u00f3n preventiva, acusado de al menos cuatro hechos de violencia sexual. Lleg\u00f3 a juicio acusado de Abuso Sexual y Amenazas que contempla una pena que va de 6 a 15 a\u00f1os de prisi\u00f3n.<\/p>\n\n\n\n<p>En el debate el Ministerio P\u00fablico Fiscal representado por Mauro Jaume y Francisco Paoli, solicit\u00f3 30 a\u00f1os de prisi\u00f3n para el acusado. Consider\u00f3 probados los hechos y marc\u00f3 la contundencia de los testimonios de las v\u00edctimas.<\/p>\n\n\n\n<p>La querella integrada por Brenda Vittori y Pablo Moyano Ilundain, que representan los intereses de las v\u00edctimas, solicitaron 36 a\u00f1os de prisi\u00f3n para Zabala.<\/p>\n\n\n\n<p>Mientras que en el defensor del imputado, Joaqu\u00edn Garaycoechea, pidi\u00f3 la absoluci\u00f3n.<\/p>\n\n\n\n<p>Zabala, de 65 a\u00f1os, est\u00e1 acusado de cuatro hechos de abuso sexual con acceso carnal, un delito que, de acuerdo al C\u00f3digo Penal, prev\u00e9 penas de entre 6 y 15 a\u00f1os de prisi\u00f3n por cada cargo. El caso tiene su origen en una denuncia presentada en octubre de 2022, cuando tres mujeres decidieron hablar sobre los abusos padecidos.<\/p>\n\n\n\n<p>En marzo de 2023, se sum\u00f3 el testimonio de una cuarta v\u00edctima, lo que gener\u00f3 la imputaci\u00f3n formal contra Zabala por el delito de abuso sexual agravado con acceso carnal.<\/p>\n\n\n\n<p>En el transcurso de la investigaci\u00f3n, la justicia dispuso la realizaci\u00f3n de pericias psicol\u00f3gicas a las v\u00edctimas, adem\u00e1s de un allanamiento en el lugar donde supuestamente ocurrieron los abusos, encontrando documentaci\u00f3n y fotograf\u00edas del lugar.<\/p>\n\n\n\n<p>Zabala, conocido por su actividad como supuesto \u201cparapsic\u00f3logo\u201d, ten\u00eda un consultorio en la zona c\u00e9ntrica de Concordia, en calle Las Heras, donde atendi\u00f3 a personas de diversas partes del pa\u00eds desde mediados de la d\u00e9cada de 1990 hasta el a\u00f1o pasado.<\/p>\n\n\n\n<p>Durante ese per\u00edodo de tiempo, fue considerado un \u201csanador\u201d y asesor espiritual, especializ\u00e1ndose en pr\u00e1cticas como el reiki y la grafolog\u00eda. En algunos casos, de acuerdo al testimonio de las denunciantes, incluso lleg\u00f3 a jactarse de haber sido convocado como clarividente para asistir en investigaciones policiales.<\/p>\n\n\n\n<p>Tras varios a\u00f1os de actuaciones judiciales, las denunciantes encontraron un poco de paz al concluir el debate. Ahora deben aguardar la decisi\u00f3n del tribunal.<\/p>\n","protected":false},"excerpt":{"rendered":"<p>La fiscal&iacute;a pidi&oacute; una pena de 30 a&ntilde;os de prisi&oacute;n para el curandero concordiense acusado de cuatro abusos sexuales. La defensa solicit&oacute; la absoluci&oacute;n de Ram&oacute;n Zabala. La fiscal&iacute;a solicit&oacute; este lunes una pena de 30 a&ntilde;os de prisi&oacute;n para el curandero concordiense acusado de ser el responsable de cuatro abusos sexuales. Mientras que la [&hellip;]<\/p>\n","protected":false},"author":2,"featured_media":8671,"comment_status":"open","ping_status":"open","sticky":false,"template":"","format":"standard","meta":{"footnotes":""},"categories":[90,8,4],"tags":[3522,1536,72,1553,3524,1537],"class_list":["post-8670","post","type-post","status-publish","format-standard","has-post-thumbnail","hentry","category-judicial","category-policiales","category-provinciales","tag-30-anos","tag-abuso","tag-concordia","tag-piden","tag-ramon-zabala","tag-sexual"],"_links":{"self":[{"href":"https:\/\/impactodenoticias.com.ar\/index.php?rest_route=\/wp\/v2\/posts\/8670","targetHints":{"allow":["GET"]}}],"collection":[{"href":"https:\/\/impactodenoticias.com.ar\/index.php?rest_route=\/wp\/v2\/posts"}],"about":[{"href":"https:\/\/impactodenoticias.com.ar\/index.php?rest_route=\/wp\/v2\/types\/post"}],"author":[{"embeddable":true,"href":"https:\/\/impactodenoticias.com.ar\/index.php?rest_route=\/wp\/v2\/users\/2"}],"replies":[{"embeddable":true,"href":"https:\/\/impactodenoticias.com.ar\/index.php?rest_route=%2Fwp%2Fv2%2Fcomments&post=8670"}],"version-history":[{"count":2,"href":"https:\/\/impactodenoticias.com.ar\/index.php?rest_route=\/wp\/v2\/posts\/8670\/revisions"}],"predecessor-version":[{"id":8673,"href":"https:\/\/impactodenoticias.com.ar\/index.php?rest_route=\/wp\/v2\/posts\/8670\/revisions\/8673"}],"wp:featuredmedia":[{"embeddable":true,"href":"https:\/\/impactodenoticias.com.ar\/index.php?rest_route=\/wp\/v2\/media\/8671"}],"wp:attachment":[{"href":"https:\/\/impactodenoticias.com.ar\/index.php?rest_route=%2Fwp%2Fv2%2Fmedia&parent=8670"}],"wp:term":[{"taxonomy":"category","embeddable":true,"href":"https:\/\/impactodenoticias.com.ar\/index.php?rest_route=%2Fwp%2Fv2%2Fcategories&post=8670"},{"taxonomy":"post_tag","embeddable":true,"href":"https:\/\/impactodenoticias.com.ar\/index.php?rest_route=%2Fwp%2Fv2%2Ftags&post=8670"}],"curies":[{"name":"wp","href":"https:\/\/api.w.org\/{rel}","templated":true}]}}