{"id":869,"date":"2024-07-06T11:22:35","date_gmt":"2024-07-06T14:22:35","guid":{"rendered":"https:\/\/impactodenoticias.com.ar\/?p=869"},"modified":"2024-07-06T11:34:11","modified_gmt":"2024-07-06T14:34:11","slug":"buscan-intensamente-a-un-joven-que-habria-caido-al-rio-parana","status":"publish","type":"post","link":"https:\/\/impactodenoticias.com.ar\/?p=869","title":{"rendered":"Paran\u00e1: buscan intensamente a un joven que habr\u00eda ca\u00eddo al R\u00edo Paran\u00e1"},"content":{"rendered":"\n<p><strong>Un joven habr\u00eda ca\u00eddo al r\u00edo Paran\u00e1 y est\u00e1 siendo buscado desesperadamente por sus familiares. Fue visto por \u00faltima vez ayer por la noche en la zona de la Costanera Baja.<\/strong><\/p>\n\n\n\n<p>Familiares de Uriel Ezequiel Lell, de 27 a\u00f1os, denunciaron la desaparici\u00f3n del joven quien fue visto por \u00faltima vez en la zona de Costanera Baja de Paran\u00e1 el viernes por la madrugada, cabe se\u00f1alar que sus perros fueron encontrados en el lugar.<\/p>\n\n\n\n<p>Se acudi\u00f3 a Fiscal\u00eda para que Prefectura intervenga en la b\u00fasqueda en el R\u00edo Paran\u00e1. Piden ayuda para dar con su paradero.<\/p>\n\n\n\n<p class=\"has-vivid-red-color has-text-color has-link-color wp-elements-f2976e9defb23a9a8e05fa21be27a0d1\"><strong>Los familiares denuncian que no le permiten ver las c\u00e1maras y que no estar\u00edan teniendo la respuesta con la urgencia que se deber\u00eda en estos casos.<\/strong><\/p>\n\n\n\n<p>Allegados al joven informaron su desaparici\u00f3n en el r\u00edo Paran\u00e1 y subrayaron: \u201cLo vieron en esta zona, \u00e9l lleg\u00f3 con sus perros y no sabemos si \u00e9l se cay\u00f3 o se tir\u00f3 el r\u00edo. Una persona nos dijo que lo vio flotando en el r\u00edo por un momento, pero despu\u00e9s lo vio desaparecer\u201d.<\/p>\n\n\n\n<p>Su madre precis\u00f3 que la denuncia fue radicada en Fiscal\u00eda para que Prefectura pueda intervenir e iniciar con la b\u00fasqueda y se trabaja en la b\u00fasqueda de c\u00e1maras de seguridad para determinar si Uriel cay\u00f3 o se tir\u00f3 al r\u00edo. Por otro lado, una t\u00eda coment\u00f3: \u201c\u00c9l siempre andaba para todos lados con sus perros y ellos han quedado ac\u00e1\u201d. Finalmente, su familia solicit\u00f3 que, quien cuente con informaci\u00f3n del paradero de Uriel, que se comunique de forma urgente con el 911.<\/p>\n\n\n\n<p><\/p>\n\n\n\n<figure class=\"wp-block-image size-large\"><img loading=\"lazy\" decoding=\"async\" width=\"636\" height=\"1024\" src=\"https:\/\/impactodenoticias.com.ar\/wp-content\/uploads\/2024\/07\/WhatsApp-Image-2024-07-06-at-11.18.31-636x1024.jpeg\" alt=\"\" class=\"wp-image-870\" srcset=\"https:\/\/impactodenoticias.com.ar\/wp-content\/uploads\/2024\/07\/WhatsApp-Image-2024-07-06-at-11.18.31-636x1024.jpeg 636w, https:\/\/impactodenoticias.com.ar\/wp-content\/uploads\/2024\/07\/WhatsApp-Image-2024-07-06-at-11.18.31-186x300.jpeg 186w, https:\/\/impactodenoticias.com.ar\/wp-content\/uploads\/2024\/07\/WhatsApp-Image-2024-07-06-at-11.18.31.jpeg 671w\" sizes=\"auto, (max-width: 636px) 100vw, 636px\" \/><\/figure>\n\n\n\n<p><\/p>\n\n\n\n<p>Noticia en desarrollo<\/p>\n\n\n\n<p><\/p>\n","protected":false},"excerpt":{"rendered":"<p>Un joven habr&iacute;a ca&iacute;do al r&iacute;o Paran&aacute; y est&aacute; siendo buscado desesperadamente por sus familiares. Fue visto por &uacute;ltima vez ayer por la noche en la zona de la Costanera Baja. Familiares de Uriel Ezequiel Lell, de 27 a&ntilde;os, denunciaron la desaparici&oacute;n del joven quien fue visto por &uacute;ltima vez en la zona de Costanera [&hellip;]<\/p>\n","protected":false},"author":2,"featured_media":871,"comment_status":"open","ping_status":"open","sticky":false,"template":"","format":"standard","meta":{"footnotes":""},"categories":[3,8],"tags":[251,95,118,397],"class_list":["post-869","post","type-post","status-publish","format-standard","has-post-thumbnail","hentry","category-locales","category-policiales","tag-busqueda","tag-parana","tag-policiales","tag-rio-parana"],"_links":{"self":[{"href":"https:\/\/impactodenoticias.com.ar\/index.php?rest_route=\/wp\/v2\/posts\/869","targetHints":{"allow":["GET"]}}],"collection":[{"href":"https:\/\/impactodenoticias.com.ar\/index.php?rest_route=\/wp\/v2\/posts"}],"about":[{"href":"https:\/\/impactodenoticias.com.ar\/index.php?rest_route=\/wp\/v2\/types\/post"}],"author":[{"embeddable":true,"href":"https:\/\/impactodenoticias.com.ar\/index.php?rest_route=\/wp\/v2\/users\/2"}],"replies":[{"embeddable":true,"href":"https:\/\/impactodenoticias.com.ar\/index.php?rest_route=%2Fwp%2Fv2%2Fcomments&post=869"}],"version-history":[{"count":4,"href":"https:\/\/impactodenoticias.com.ar\/index.php?rest_route=\/wp\/v2\/posts\/869\/revisions"}],"predecessor-version":[{"id":875,"href":"https:\/\/impactodenoticias.com.ar\/index.php?rest_route=\/wp\/v2\/posts\/869\/revisions\/875"}],"wp:featuredmedia":[{"embeddable":true,"href":"https:\/\/impactodenoticias.com.ar\/index.php?rest_route=\/wp\/v2\/media\/871"}],"wp:attachment":[{"href":"https:\/\/impactodenoticias.com.ar\/index.php?rest_route=%2Fwp%2Fv2%2Fmedia&parent=869"}],"wp:term":[{"taxonomy":"category","embeddable":true,"href":"https:\/\/impactodenoticias.com.ar\/index.php?rest_route=%2Fwp%2Fv2%2Fcategories&post=869"},{"taxonomy":"post_tag","embeddable":true,"href":"https:\/\/impactodenoticias.com.ar\/index.php?rest_route=%2Fwp%2Fv2%2Ftags&post=869"}],"curies":[{"name":"wp","href":"https:\/\/api.w.org\/{rel}","templated":true}]}}