{"id":8735,"date":"2024-12-18T10:46:44","date_gmt":"2024-12-18T13:46:44","guid":{"rendered":"https:\/\/impactodenoticias.com.ar\/?p=8735"},"modified":"2024-12-19T11:46:09","modified_gmt":"2024-12-19T14:46:09","slug":"buscan-intensamente-una-adolescente-que-se-ausento-de-su-casa-y-solicitan-ayuda-para-ubicarla","status":"publish","type":"post","link":"https:\/\/impactodenoticias.com.ar\/?p=8735","title":{"rendered":"Buscan intensamente una adolescente que se ausent\u00f3 de su casa y solicitan ayuda para ubicarla"},"content":{"rendered":"\n<p class=\"has-medium-font-size\"><strong>Buscan a una adolescente de 15 a\u00f1os que fue vista por \u00faltima vez este martes en Concepci\u00f3n del Uruguay. Se trata de Agustina Malena Arguello y se habr\u00eda ausentado de su domicilio este lunes.<\/strong><\/p>\n\n\n\n<p>Al momento de ausentarse, Agustina vest\u00eda jeans color negro y remera blanca. Mide 1,55 metros y pesa aproximadamente 50 kilos. Su pelo es de color negro y largo hasta la cintura, con flequillo. Su tez es blanca.<\/p>\n\n\n\n<p><\/p>\n\n\n\n<figure class=\"wp-block-image size-full\"><img loading=\"lazy\" decoding=\"async\" width=\"396\" height=\"551\" src=\"https:\/\/impactodenoticias.com.ar\/wp-content\/uploads\/2024\/12\/image-14-5.webp\" alt=\"\" class=\"wp-image-8736\" srcset=\"https:\/\/impactodenoticias.com.ar\/wp-content\/uploads\/2024\/12\/image-14-5.webp 396w, https:\/\/impactodenoticias.com.ar\/wp-content\/uploads\/2024\/12\/image-14-5-216x300.webp 216w\" sizes=\"auto, (max-width: 396px) 100vw, 396px\" \/><\/figure>\n\n\n\n<p><\/p>\n\n\n\n<p>Las autoridades de la Comisar\u00eda de Minoridad de la Jefatura Departamental Uruguay solicitan ayuda a la comunidad para localizarla, tras la denuncia de los familiares de la joven.<\/p>\n\n\n\n<p>Cualquier informaci\u00f3n que pueda ayudar a la investigaci\u00f3n se puede aportar en la dependencia policial m\u00e1s cercana y\/o a los siguientes tel\u00e9fonos:<\/p>\n\n\n\n<p><strong>Comando Radioel\u00e9ctrico: 101, 03442-420446 y 03442-450372<br>Jefatura Departamental Uruguay: 03442-425508<br>Cria. De Minoridad y Viol. Familiar: 03442-430895<\/strong><\/p>\n","protected":false},"excerpt":{"rendered":"<p>Buscan a una adolescente de 15 a&ntilde;os que fue vista por &uacute;ltima vez este martes en Concepci&oacute;n del Uruguay. Se trata de Agustina Malena Arguello y se habr&iacute;a ausentado de su domicilio este lunes. Al momento de ausentarse, Agustina vest&iacute;a jeans color negro y remera blanca. Mide 1,55 metros y pesa aproximadamente 50 kilos. Su [&hellip;]<\/p>\n","protected":false},"author":2,"featured_media":8737,"comment_status":"open","ping_status":"open","sticky":false,"template":"","format":"standard","meta":{"footnotes":""},"categories":[11,4],"tags":[3546,251,324],"class_list":["post-8735","post","type-post","status-publish","format-standard","has-post-thumbnail","hentry","category-politica","category-provinciales","tag-agustina-malena-arguello","tag-busqueda","tag-concepcion-del-uruguay"],"_links":{"self":[{"href":"https:\/\/impactodenoticias.com.ar\/index.php?rest_route=\/wp\/v2\/posts\/8735","targetHints":{"allow":["GET"]}}],"collection":[{"href":"https:\/\/impactodenoticias.com.ar\/index.php?rest_route=\/wp\/v2\/posts"}],"about":[{"href":"https:\/\/impactodenoticias.com.ar\/index.php?rest_route=\/wp\/v2\/types\/post"}],"author":[{"embeddable":true,"href":"https:\/\/impactodenoticias.com.ar\/index.php?rest_route=\/wp\/v2\/users\/2"}],"replies":[{"embeddable":true,"href":"https:\/\/impactodenoticias.com.ar\/index.php?rest_route=%2Fwp%2Fv2%2Fcomments&post=8735"}],"version-history":[{"count":1,"href":"https:\/\/impactodenoticias.com.ar\/index.php?rest_route=\/wp\/v2\/posts\/8735\/revisions"}],"predecessor-version":[{"id":8738,"href":"https:\/\/impactodenoticias.com.ar\/index.php?rest_route=\/wp\/v2\/posts\/8735\/revisions\/8738"}],"wp:featuredmedia":[{"embeddable":true,"href":"https:\/\/impactodenoticias.com.ar\/index.php?rest_route=\/wp\/v2\/media\/8737"}],"wp:attachment":[{"href":"https:\/\/impactodenoticias.com.ar\/index.php?rest_route=%2Fwp%2Fv2%2Fmedia&parent=8735"}],"wp:term":[{"taxonomy":"category","embeddable":true,"href":"https:\/\/impactodenoticias.com.ar\/index.php?rest_route=%2Fwp%2Fv2%2Fcategories&post=8735"},{"taxonomy":"post_tag","embeddable":true,"href":"https:\/\/impactodenoticias.com.ar\/index.php?rest_route=%2Fwp%2Fv2%2Ftags&post=8735"}],"curies":[{"name":"wp","href":"https:\/\/api.w.org\/{rel}","templated":true}]}}