{"id":8897,"date":"2024-12-20T11:33:06","date_gmt":"2024-12-20T14:33:06","guid":{"rendered":"https:\/\/impactodenoticias.com.ar\/?p=8897"},"modified":"2024-12-21T10:37:19","modified_gmt":"2024-12-21T13:37:19","slug":"uatre-entre-rios-se-declaro-en-estado-de-alerta-por-la-grave-situacion-en-avicola-tres-arroyos","status":"publish","type":"post","link":"https:\/\/impactodenoticias.com.ar\/?p=8897","title":{"rendered":"UATRE Entre R\u00edos se declar\u00f3 en estado de alerta por la grave situaci\u00f3n en av\u00edcola Tres Arroyos"},"content":{"rendered":"\n<p class=\"has-medium-font-size\"><strong>La Delegaci\u00f3n Entre R\u00edos de la Uni\u00f3n Argentina de Trabajadores Rurales y Estibadores (UATRE) declar\u00f3 \u00abel estado de alerta\u00bb frente a \u00abla grav\u00edsima situaci\u00f3n\u00bb que afecta a los trabajadores av\u00edcolas de las empresas del Grupo Tres Arroyos.<\/strong><\/p>\n\n\n\n<p>Por medio de un comunicado al que accedi\u00f3 este medio, la UATRE Entre R\u00edos denunci\u00f3 que las empresas del grupo han sido autorizadas por el gobierno nacional para acogerse al Procedimiento Preventivo de Crisis (PPC), una medida destinada a \u00abreducir costos laborales\u00bb.<\/p>\n\n\n\n<p>Ante la decisi\u00f3n, el sindicato se\u00f1al\u00f3 que las y los trabajadores av\u00edcolas de la empresa ya atraviesan un escenario complejo marcado por \u00absuspensiones, reducci\u00f3n de jornada laboral y despidos\u00bb.<\/p>\n\n\n\n<p>A este panorama, que ya gener\u00f3 preocupaci\u00f3n gremial, se suma adem\u00e1s \u00abla novedad del pago en cuatro cuotas del aguinaldo\u00bb, destaca el comunicado oficial de UATRE Entre R\u00edos.<\/p>\n\n\n\n<p>\u00abNos declaramos en estado de alerta\u00bb, se\u00f1alaron desde el gremio, y advirtieron que no permitir\u00e1 que \u00abla riqueza de nuestra patria, generada por la mano de los\/las trabajadores\/as, sea liquidada por patronales sin escr\u00fapulos\u00bb.<\/p>\n\n\n\n<p>En la denuncia, el gremio culp\u00f3 directamente \u201cal gobierno nacional liderado por Milei-Villarruel\u201d y lo responsabiliz\u00f3 de haber generado \u00ablas condiciones de explotaci\u00f3n para saquear las riquezas de nuestro suelo\u00bb mediante herramientas como el RIGI, la Ley Bases y el DNU 70\/23.<\/p>\n\n\n\n<p>En este complicado contexto, UATRE Entre R\u00edos consider\u00f3 esta situaci\u00f3n como \u00abuna siniestra estructura jur\u00eddica y legal para modificar sustancialmente el reparto de la riqueza\u00bb.<\/p>\n\n\n\n<p>El sindicato advirti\u00f3 sobre las consecuencias inmediatas de tales pol\u00edticas e indic\u00f3 \u00abel deterioro a una velocidad de v\u00e9rtigo de las condiciones laborales, la p\u00e9rdida de miles de puestos de trabajo y la uberizaci\u00f3n del mundo laboral\u00bb.<\/p>\n\n\n\n<p>Finalizando, UATRE Entre R\u00edos realiz\u00f3 un llamado urgente \u00aba la unidad de los\/as trabajadores\/as, a la dirigencia pol\u00edtica y sindical\u00bb, con el objetivo de \u00abparar este ataque y revertir lo antes posible la destrucci\u00f3n de nuestra Patria\u00bb.<\/p>\n","protected":false},"excerpt":{"rendered":"<p>La Delegaci&oacute;n Entre R&iacute;os de la Uni&oacute;n Argentina de Trabajadores Rurales y Estibadores (UATRE) declar&oacute; &laquo;el estado de alerta&raquo; frente a &laquo;la grav&iacute;sima situaci&oacute;n&raquo; que afecta a los trabajadores av&iacute;colas de las empresas del Grupo Tres Arroyos. Por medio de un comunicado al que accedi&oacute; este medio, la UATRE Entre R&iacute;os denunci&oacute; que las empresas [&hellip;]<\/p>\n","protected":false},"author":2,"featured_media":8898,"comment_status":"open","ping_status":"open","sticky":false,"template":"","format":"standard","meta":{"footnotes":""},"categories":[91,11,4],"tags":[1613,3611,68,122,433,212,3612,3610,3020],"class_list":["post-8897","post","type-post","status-publish","format-standard","has-post-thumbnail","hentry","category-gremiales","category-politica","category-provinciales","tag-alerta","tag-avicola","tag-denuncia","tag-estado","tag-gobierno","tag-javier-milei","tag-tres-arroyos","tag-uatre","tag-victoria-villarruel"],"_links":{"self":[{"href":"https:\/\/impactodenoticias.com.ar\/index.php?rest_route=\/wp\/v2\/posts\/8897","targetHints":{"allow":["GET"]}}],"collection":[{"href":"https:\/\/impactodenoticias.com.ar\/index.php?rest_route=\/wp\/v2\/posts"}],"about":[{"href":"https:\/\/impactodenoticias.com.ar\/index.php?rest_route=\/wp\/v2\/types\/post"}],"author":[{"embeddable":true,"href":"https:\/\/impactodenoticias.com.ar\/index.php?rest_route=\/wp\/v2\/users\/2"}],"replies":[{"embeddable":true,"href":"https:\/\/impactodenoticias.com.ar\/index.php?rest_route=%2Fwp%2Fv2%2Fcomments&post=8897"}],"version-history":[{"count":1,"href":"https:\/\/impactodenoticias.com.ar\/index.php?rest_route=\/wp\/v2\/posts\/8897\/revisions"}],"predecessor-version":[{"id":8899,"href":"https:\/\/impactodenoticias.com.ar\/index.php?rest_route=\/wp\/v2\/posts\/8897\/revisions\/8899"}],"wp:featuredmedia":[{"embeddable":true,"href":"https:\/\/impactodenoticias.com.ar\/index.php?rest_route=\/wp\/v2\/media\/8898"}],"wp:attachment":[{"href":"https:\/\/impactodenoticias.com.ar\/index.php?rest_route=%2Fwp%2Fv2%2Fmedia&parent=8897"}],"wp:term":[{"taxonomy":"category","embeddable":true,"href":"https:\/\/impactodenoticias.com.ar\/index.php?rest_route=%2Fwp%2Fv2%2Fcategories&post=8897"},{"taxonomy":"post_tag","embeddable":true,"href":"https:\/\/impactodenoticias.com.ar\/index.php?rest_route=%2Fwp%2Fv2%2Ftags&post=8897"}],"curies":[{"name":"wp","href":"https:\/\/api.w.org\/{rel}","templated":true}]}}