{"id":8911,"date":"2024-12-20T20:39:58","date_gmt":"2024-12-20T23:39:58","guid":{"rendered":"https:\/\/impactodenoticias.com.ar\/?p=8911"},"modified":"2024-12-23T10:29:45","modified_gmt":"2024-12-23T13:29:45","slug":"gendarmeria-allano-el-despacho-de-kueider-y-la-justicia-rechazo-un-pedido-para-ser-restituido-a-su-banca","status":"publish","type":"post","link":"https:\/\/impactodenoticias.com.ar\/?p=8911","title":{"rendered":"Gendarmer\u00eda allan\u00f3 el despacho de Kueider y la Justicia rechaz\u00f3 un pedido para ser restituido a su banca"},"content":{"rendered":"\n<p class=\"has-medium-font-size\"><strong>Personal perteneciente a Gendarmer\u00eda Nacional allanaron este viernes el despacho del destituido senador Edgardo Kueider, imputado por enriquecimiento il\u00edcito y a quien, tambi\u00e9n le denegaron un pedido para ser restituido en su banca.<\/strong><\/p>\n\n\n\n<p>Los gendarmes que llevaron adelante el allanamiento, fueron designados por la jueza federal de San Isidro Sandra Arroyo Salgado, que lleva la causa.<\/p>\n\n\n\n<p>\u00abEl procedimiento se desarroll\u00f3 en absoluta normalidad con estricto cumplimento de las normas procesales aplicables y la colaboraci\u00f3n del personal de seguridad del Senado\u00bb, precisaron fuentes judiciales.<\/p>\n\n\n\n<p>El registro de las pertenencias del despacho del destituido senador, que est\u00e1 imputado por enriquecimiento il\u00edcito despu\u00e9s de haber sido detenido con 210 mil d\u00f3lares sin declarar, fue ordenado por la jueza federal Sandra Arroyo Salgado.<\/p>\n\n\n\n<p>M\u00e1s temprano, el juez en lo contencioso administrativo federal Enrique Lavi\u00e9 Pico rechaz\u00f3 \u00abin limine\u00bb el amparo de Kueider paraque se le restituya su banca en la C\u00e1mara Alta.<\/p>\n\n\n\n<p>El magistrado argument\u00f3 que decisiones como remover a Kueider por inhabilidad moral luego de ser detenido en Paraguay cuando intentaba ingresar a ese pa\u00eds con 211.000 d\u00f3lares sin declarar \u00abno pueden ser revisadas\u00bb en sede judicial, seg\u00fan la resoluci\u00f3n a la que accedi\u00f3 esta agencia.<\/p>\n\n\n\n<p>\u00abComo se ha dicho en reiteradas oportunidades, se ha sostenidoque el \u00e1mbito de control jurisdiccional del Poder Judicial noalcanza a las decisiones que otros Poderes del Estado adopten dentro de la esfera de competencia que la Constituci\u00f3n Nacional les asigna como propia y exclusiva, tal como acontece en el caso\u00bb, se\u00f1al\u00f3.<\/p>\n\n\n\n<p>En el \u00e1mbito de las facultades exclusivas atribuidas constitucionalmente, \u00abla funci\u00f3n jurisdiccional no alcanza al modo de ejercicio de las mismas\u00bb, a\u00f1adi\u00f3 el magistrado.<\/p>\n\n\n\n<p>Ante ello, \u00ablas consideraciones formuladas por los integrantes de la C\u00e1mara de Senadores de la Naci\u00f3n en oportunidad de la Sesi\u00f3n P\u00fablica Especial celebrada el 12 de diciembre del corriente a\u00f1o y la decisi\u00f3n all\u00ed adoptada, relativa a la remoci\u00f3n del Senador Nacional Edgardo Dar\u00edo Kueider por inhabilidad moral para desempe\u00f1ar tan eminente funci\u00f3n p\u00fablica en raz\u00f3n de los hechos acaecidos en la Rep\u00fablica del Paraguay, no pueden ser revisados en esta sede judicial porque su examen constituye una competencia exclusiva y excluyente atribuida al Senado de la Naci\u00f3n por el art. 66 de la Carta Fundamental\u00bb.<\/p>\n\n\n\n<p>Resolver sobre la acci\u00f3n de amparo para reponer a Kueider \u00abimportar\u00eda avanzar indebidamente en torno a una cuesti\u00f3n privativa de otro poder del Estado\u00bb, destac\u00f3 la resoluci\u00f3n judicial que rechaz\u00f3 la presentaci\u00f3n de su defensa.<\/p>\n\n\n\n<p>El Poder Judicial \u00abno puede arrogarse funciones reservadas por la Constituci\u00f3n Nacional a los otros poderes del Estado, como es en el caso, la remoci\u00f3n de un Senador Nacional en los t\u00e9rminos delart. 66 de la Carta Magna\u00bb.<\/p>\n\n\n\n<p>La remoci\u00f3n \u00abfue propuesta, debatida y sometida a votaci\u00f3n en el seno del Honorable Senado y result\u00f3 aprobada por en rigor, 60 los dos tercios previstos por la manda constitucional votos afirmativos, 6 negativos y 1 abstenci\u00f3n\u00bb, finaliz\u00f3 el juez.<\/p>\n\n\n\n<p>La decisi\u00f3n es apelable ante la C\u00e1mara en lo Contencioso Administrativo Federal, pero Kueider seguir\u00e1 sin fueros para evitar ser detenido en Argentina, en el marco de la causa por enriquecimiento il\u00edcito en la cual la jueza Arroyo Salgado reclama su extradici\u00f3n a Paraguay.<\/p>\n","protected":false},"excerpt":{"rendered":"<p>Personal perteneciente a Gendarmer&iacute;a Nacional allanaron este viernes el despacho del destituido senador Edgardo Kueider, imputado por enriquecimiento il&iacute;cito y a quien, tambi&eacute;n le denegaron un pedido para ser restituido en su banca. Los gendarmes que llevaron adelante el allanamiento, fueron designados por la jueza federal de San Isidro Sandra Arroyo Salgado, que lleva la [&hellip;]<\/p>\n","protected":false},"author":2,"featured_media":8912,"comment_status":"open","ping_status":"open","sticky":false,"template":"","format":"standard","meta":{"footnotes":""},"categories":[90,10],"tags":[395,2611,27,445,3457],"class_list":["post-8911","post","type-post","status-publish","format-standard","has-post-thumbnail","hentry","category-judicial","category-nacionales","tag-allanamiento","tag-despacho","tag-edgardo-kueider","tag-gendarmeria","tag-sandra-arroyo-salgado"],"_links":{"self":[{"href":"https:\/\/impactodenoticias.com.ar\/index.php?rest_route=\/wp\/v2\/posts\/8911","targetHints":{"allow":["GET"]}}],"collection":[{"href":"https:\/\/impactodenoticias.com.ar\/index.php?rest_route=\/wp\/v2\/posts"}],"about":[{"href":"https:\/\/impactodenoticias.com.ar\/index.php?rest_route=\/wp\/v2\/types\/post"}],"author":[{"embeddable":true,"href":"https:\/\/impactodenoticias.com.ar\/index.php?rest_route=\/wp\/v2\/users\/2"}],"replies":[{"embeddable":true,"href":"https:\/\/impactodenoticias.com.ar\/index.php?rest_route=%2Fwp%2Fv2%2Fcomments&post=8911"}],"version-history":[{"count":1,"href":"https:\/\/impactodenoticias.com.ar\/index.php?rest_route=\/wp\/v2\/posts\/8911\/revisions"}],"predecessor-version":[{"id":8913,"href":"https:\/\/impactodenoticias.com.ar\/index.php?rest_route=\/wp\/v2\/posts\/8911\/revisions\/8913"}],"wp:featuredmedia":[{"embeddable":true,"href":"https:\/\/impactodenoticias.com.ar\/index.php?rest_route=\/wp\/v2\/media\/8912"}],"wp:attachment":[{"href":"https:\/\/impactodenoticias.com.ar\/index.php?rest_route=%2Fwp%2Fv2%2Fmedia&parent=8911"}],"wp:term":[{"taxonomy":"category","embeddable":true,"href":"https:\/\/impactodenoticias.com.ar\/index.php?rest_route=%2Fwp%2Fv2%2Fcategories&post=8911"},{"taxonomy":"post_tag","embeddable":true,"href":"https:\/\/impactodenoticias.com.ar\/index.php?rest_route=%2Fwp%2Fv2%2Ftags&post=8911"}],"curies":[{"name":"wp","href":"https:\/\/api.w.org\/{rel}","templated":true}]}}