{"id":8917,"date":"2024-12-21T09:17:56","date_gmt":"2024-12-21T12:17:56","guid":{"rendered":"https:\/\/impactodenoticias.com.ar\/?p=8917"},"modified":"2024-12-21T09:17:56","modified_gmt":"2024-12-21T12:17:56","slug":"clima-en-entre-rios-el-verano-se-inicio-con-lluvias-y-alerta-meteorologico","status":"publish","type":"post","link":"https:\/\/impactodenoticias.com.ar\/?p=8917","title":{"rendered":"Clima en Entre R\u00edos: el verano se inici\u00f3 con lluvias y alerta meteorol\u00f3gico"},"content":{"rendered":"\n<h3 class=\"wp-block-heading\">Rige alerta amarilla por tormenta para los departamentos de Paran\u00e1, Villaguay, La Paz y Diamante. Se aguarda el descenso de las temperaturas en Entre R\u00edos.<\/h3>\n\n\n\n<p>El inicio del verano lleg\u00f3 a Entre R\u00edos, con una alerta amarilla por tormentas alcanzando a los departamentos de Paran\u00e1, Villaguay, La Paz y Diamante. No obstante se pronostica un mejoramiento del climna para la tarde noche. De acuerdo a la informaci\u00f3n brindada por el Servicio Meteorol\u00f3gico Nacional la lluvia generar\u00e1 un leve descenso de temperatura en toda la provincia.<\/p>\n\n\n\n<p><\/p>\n\n\n\n<figure class=\"wp-block-image size-full\"><img loading=\"lazy\" decoding=\"async\" width=\"472\" height=\"800\" src=\"https:\/\/impactodenoticias.com.ar\/wp-content\/uploads\/2024\/12\/mapa_alertas-4.png\" alt=\"\" class=\"wp-image-8918\" srcset=\"https:\/\/impactodenoticias.com.ar\/wp-content\/uploads\/2024\/12\/mapa_alertas-4.png 472w, https:\/\/impactodenoticias.com.ar\/wp-content\/uploads\/2024\/12\/mapa_alertas-4-177x300.png 177w\" sizes=\"auto, (max-width: 472px) 100vw, 472px\" \/><\/figure>\n\n\n\n<p><\/p>\n\n\n\n<p>Rige una alerta amarilla por tormentas, emitida por el Servicio Meteorol\u00f3gico Nacional, para la ma\u00f1ana de este s\u00e1bado para el oeste entrerriano y alcanza a los departamentos Paran\u00e1, Diamante, La Paz, Nogoy\u00e1 y Villaguay. De acuerdo al informe del SMN, \u201cel \u00e1rea ser\u00e1 afectada por tormentas, algunas localmente fuertes. Las mismas estar\u00e1n acompa\u00f1adas principalmente por abundante ca\u00edda de agua en cortos per\u00edodos, r\u00e1fagas que pueden alcanzar los 60 km\/h, ocasional ca\u00edda de granizo y actividad el\u00e9ctrica\u201d. \u00abSe prev\u00e9n valores de precipitaci\u00f3n acumulada entre 30 y 50 mm, pudiendo ser superados en forma puntual\u00bb.<\/p>\n\n\n\n<p>Para el domingo, se aguarda cielo algo nublado con una temperatura m\u00ednima de 15\u00b0C y una m\u00e1xima prevista en 31; y vientos del este, rotando hacia el noreste, luego al norte y finalmente al noreste.<\/p>\n\n\n\n<p>Mientras que para ellunes, se anuncia cielo despejado a algo nublado con t\u00e9rmicas que rondar\u00e1n entre los 21 y 32\u00baC y viento noreste.<\/p>\n","protected":false},"excerpt":{"rendered":"<p>Rige alerta amarilla por tormenta para los departamentos de Paran&aacute;, Villaguay, La Paz y Diamante. Se aguarda el descenso de las temperaturas en Entre R&iacute;os. El inicio del verano lleg&oacute; a Entre R&iacute;os, con una alerta amarilla por tormentas alcanzando a los departamentos de Paran&aacute;, Villaguay, La Paz y Diamante. No obstante se pronostica un [&hellip;]<\/p>\n","protected":false},"author":2,"featured_media":8919,"comment_status":"open","ping_status":"open","sticky":false,"template":"","format":"standard","meta":{"footnotes":""},"categories":[4,49],"tags":[38,33],"class_list":["post-8917","post","type-post","status-publish","format-standard","has-post-thumbnail","hentry","category-provinciales","category-sociedad","tag-clima","tag-entre-rios"],"_links":{"self":[{"href":"https:\/\/impactodenoticias.com.ar\/index.php?rest_route=\/wp\/v2\/posts\/8917","targetHints":{"allow":["GET"]}}],"collection":[{"href":"https:\/\/impactodenoticias.com.ar\/index.php?rest_route=\/wp\/v2\/posts"}],"about":[{"href":"https:\/\/impactodenoticias.com.ar\/index.php?rest_route=\/wp\/v2\/types\/post"}],"author":[{"embeddable":true,"href":"https:\/\/impactodenoticias.com.ar\/index.php?rest_route=\/wp\/v2\/users\/2"}],"replies":[{"embeddable":true,"href":"https:\/\/impactodenoticias.com.ar\/index.php?rest_route=%2Fwp%2Fv2%2Fcomments&post=8917"}],"version-history":[{"count":1,"href":"https:\/\/impactodenoticias.com.ar\/index.php?rest_route=\/wp\/v2\/posts\/8917\/revisions"}],"predecessor-version":[{"id":8920,"href":"https:\/\/impactodenoticias.com.ar\/index.php?rest_route=\/wp\/v2\/posts\/8917\/revisions\/8920"}],"wp:featuredmedia":[{"embeddable":true,"href":"https:\/\/impactodenoticias.com.ar\/index.php?rest_route=\/wp\/v2\/media\/8919"}],"wp:attachment":[{"href":"https:\/\/impactodenoticias.com.ar\/index.php?rest_route=%2Fwp%2Fv2%2Fmedia&parent=8917"}],"wp:term":[{"taxonomy":"category","embeddable":true,"href":"https:\/\/impactodenoticias.com.ar\/index.php?rest_route=%2Fwp%2Fv2%2Fcategories&post=8917"},{"taxonomy":"post_tag","embeddable":true,"href":"https:\/\/impactodenoticias.com.ar\/index.php?rest_route=%2Fwp%2Fv2%2Ftags&post=8917"}],"curies":[{"name":"wp","href":"https:\/\/api.w.org\/{rel}","templated":true}]}}