{"id":9030,"date":"2024-12-23T11:38:14","date_gmt":"2024-12-23T14:38:14","guid":{"rendered":"https:\/\/impactodenoticias.com.ar\/?p=9030"},"modified":"2024-12-24T10:55:47","modified_gmt":"2024-12-24T13:55:47","slug":"masiva-concurrencia-se-registro-en-el-evento-vivi-paseo-25-de-mayo-en-parana","status":"publish","type":"post","link":"https:\/\/impactodenoticias.com.ar\/?p=9030","title":{"rendered":"Masiva concurrencia se registr\u00f3 en el evento Viv\u00ed Paseo 25 de Mayo en Paran\u00e1"},"content":{"rendered":"\n<h3 class=\"wp-block-heading\">La propuesta tuvo una amplia oferta gastron\u00f3mica, comercial y de espect\u00e1culos art\u00edsticos de primer nivel con Virus y The La Planta, entre otros. La iniciativa surgi\u00f3 de los comerciantes de la zona y fue impulsada por la Municipalidad y el Ente Mixto Paran\u00e1 Turismo (EMPATUR).<\/h3>\n\n\n\n<p>Fue la primera actividad de la agenda Verano en la Ciudad, desarrollada por el Municipio para que vecinos y turistas disfruten las vacaciones en Paran\u00e1. <br><br>\u201cEstas cosas pasan si nos escuchamos: el Gobierno municipal brinda servicios pero del sector privado surgen estas iniciativas que nos parecen espectaculares, las tomamos y las hacemos juntos. Eso hace un c\u00edrculo virtuoso y permite sumar a todos\u201d, destac\u00f3 la intendenta Rosario Romero. <\/p>\n\n\n\n<p><\/p>\n\n\n\n<figure class=\"wp-block-image size-large\"><img loading=\"lazy\" decoding=\"async\" width=\"1024\" height=\"681\" src=\"https:\/\/impactodenoticias.com.ar\/wp-content\/uploads\/2024\/12\/1734795539_f4e5a0a77e81c7b23332-1024x681.jpg\" alt=\"\" class=\"wp-image-9034\" srcset=\"https:\/\/impactodenoticias.com.ar\/wp-content\/uploads\/2024\/12\/1734795539_f4e5a0a77e81c7b23332-1024x681.jpg 1024w, https:\/\/impactodenoticias.com.ar\/wp-content\/uploads\/2024\/12\/1734795539_f4e5a0a77e81c7b23332-300x200.jpg 300w, https:\/\/impactodenoticias.com.ar\/wp-content\/uploads\/2024\/12\/1734795539_f4e5a0a77e81c7b23332-768x511.jpg 768w, https:\/\/impactodenoticias.com.ar\/wp-content\/uploads\/2024\/12\/1734795539_f4e5a0a77e81c7b23332.jpg 1195w\" sizes=\"auto, (max-width: 1024px) 100vw, 1024px\" \/><\/figure>\n\n\n\n<p><\/p>\n\n\n\n<p><br>La Presidenta Municipal resalt\u00f3 que este tipo de eventos \u201calegra la ciudad y mueve el comercio. Quiero agradecer a todos los que hicieron el esfuerzo, desde adentro de la Municipalidad hasta la gente que visti\u00f3 su comercio de gala\u201d.<\/p>\n\n\n\n<p><\/p>\n\n\n\n<figure class=\"wp-block-image size-large\"><img loading=\"lazy\" decoding=\"async\" width=\"1024\" height=\"682\" src=\"https:\/\/impactodenoticias.com.ar\/wp-content\/uploads\/2024\/12\/1734795599_233e6dc406529fe4dd3a-1024x682.jpg\" alt=\"\" class=\"wp-image-9032\" srcset=\"https:\/\/impactodenoticias.com.ar\/wp-content\/uploads\/2024\/12\/1734795599_233e6dc406529fe4dd3a-1024x682.jpg 1024w, https:\/\/impactodenoticias.com.ar\/wp-content\/uploads\/2024\/12\/1734795599_233e6dc406529fe4dd3a-300x200.jpg 300w, https:\/\/impactodenoticias.com.ar\/wp-content\/uploads\/2024\/12\/1734795599_233e6dc406529fe4dd3a-768x512.jpg 768w, https:\/\/impactodenoticias.com.ar\/wp-content\/uploads\/2024\/12\/1734795599_233e6dc406529fe4dd3a.jpg 1280w\" sizes=\"auto, (max-width: 1024px) 100vw, 1024px\" \/><\/figure>\n\n\n\n<p><\/p>\n\n\n\n<p><br>En la misma l\u00ednea el subsecretario de Turismo y presidente del directorio del EMPATUR, Agust\u00edn Clavenzani, consider\u00f3: \u201cSomos un Estado que puso actitud de escucha ante una propuesta de comerciantes de 25 de Mayo que ten\u00edan la expectativa de que esto salga bien, bas\u00e1ndose en antecedentes positivos que el Gobierno municipal hab\u00eda ejecutado en ediciones anteriores, como Viv\u00ed Alameda. Hubo hoy mucha gente de Santa Fe, del departamento La Paz, Villaguay, Victoria, que han venido a Paran\u00e1 a disfrutar\u201d.<\/p>\n\n\n\n<p><\/p>\n\n\n\n<figure class=\"wp-block-image size-large\"><img loading=\"lazy\" decoding=\"async\" width=\"1024\" height=\"683\" src=\"https:\/\/impactodenoticias.com.ar\/wp-content\/uploads\/2024\/12\/1734796221_e90eacc19921f7742fe4-1024x683.jpg\" alt=\"\" class=\"wp-image-9031\" srcset=\"https:\/\/impactodenoticias.com.ar\/wp-content\/uploads\/2024\/12\/1734796221_e90eacc19921f7742fe4-1024x683.jpg 1024w, https:\/\/impactodenoticias.com.ar\/wp-content\/uploads\/2024\/12\/1734796221_e90eacc19921f7742fe4-300x200.jpg 300w, https:\/\/impactodenoticias.com.ar\/wp-content\/uploads\/2024\/12\/1734796221_e90eacc19921f7742fe4-768x512.jpg 768w, https:\/\/impactodenoticias.com.ar\/wp-content\/uploads\/2024\/12\/1734796221_e90eacc19921f7742fe4.jpg 1392w\" sizes=\"auto, (max-width: 1024px) 100vw, 1024px\" \/><\/figure>\n\n\n\n<p><br><br><strong>Una banda legendaria<\/strong><br><br>Con m\u00e1s de 40 a\u00f1os de trayectoria, la banda Virus fue uno de los espect\u00e1culos centrales de Viv\u00ed Paseo 25 de Mayo. En conferencia de prensa, Marcelo Moura expres\u00f3: \u201cNos sorprende la renovaci\u00f3n de p\u00fablico permanente. Fue un a\u00f1o muy movido, estuvimos por Latinoam\u00e9rica y por Europa\u201d.<\/p>\n\n\n\n<p><\/p>\n\n\n\n<figure class=\"wp-block-image size-large\"><img loading=\"lazy\" decoding=\"async\" width=\"1024\" height=\"683\" src=\"https:\/\/impactodenoticias.com.ar\/wp-content\/uploads\/2024\/12\/1734796372_5bfc34ff0010c06f1ff2-1024x683.jpg\" alt=\"\" class=\"wp-image-9033\" srcset=\"https:\/\/impactodenoticias.com.ar\/wp-content\/uploads\/2024\/12\/1734796372_5bfc34ff0010c06f1ff2-1024x683.jpg 1024w, https:\/\/impactodenoticias.com.ar\/wp-content\/uploads\/2024\/12\/1734796372_5bfc34ff0010c06f1ff2-300x200.jpg 300w, https:\/\/impactodenoticias.com.ar\/wp-content\/uploads\/2024\/12\/1734796372_5bfc34ff0010c06f1ff2-768x512.jpg 768w, https:\/\/impactodenoticias.com.ar\/wp-content\/uploads\/2024\/12\/1734796372_5bfc34ff0010c06f1ff2-1536x1024.jpg 1536w, https:\/\/impactodenoticias.com.ar\/wp-content\/uploads\/2024\/12\/1734796372_5bfc34ff0010c06f1ff2-2048x1365.jpg 2048w\" sizes=\"auto, (max-width: 1024px) 100vw, 1024px\" \/><\/figure>\n\n\n\n<p><br>En cuanto a la propuesta del Estado municipal, Moura celebr\u00f3 \u00abque la Intendenta apoye estas iniciativas, habla de un inter\u00e9s por la cultura: es algo muy importante\u201d. A su vez, Mario Serra, se\u00f1al\u00f3 que \u201ceso est\u00e1 claro con la cantidad de gente que viene. Me parece buen\u00edsimo\u201d.<\/p>\n\n\n\n<p><\/p>\n\n\n\n<p><br><br><strong>The La Planta brill\u00f3 en Paran\u00e1<\/strong><br><br>La banda uruguaya liderada por Nicol\u00e1s Choca cerr\u00f3 el festival. El vocalista expres\u00f3 \u201cun agradecimiento al Municipio de Paran\u00e1 por tenernos en cuenta, es muy bueno que se siga fomentando la cultura\u201d.<br><br><strong>Sobre el evento<\/strong><\/p>\n\n\n\n<p>Hubo una oferta comercial y gastron\u00f3mica variada, generando un paseo con mucho para ver, comprar y disfrutar. Sumado a los shows de renombre como Virus y The La Planta, actuaron los grupos paranaenses La Posta y Pont a Bailar. <br><br>Adem\u00e1s, m\u00e1s de 80 artistas locales intervinieron el espacio p\u00fablico con propuestas como Play Flow Performer (destrezas circenses con fuego), la pareja de tango de Carolina M\u00e1rquez y Ezequiel Lescano, un cuarteto de vientos, la agrupaci\u00f3n coral Varietales y proyecciones visuales.<br><br>Estuvieron presentes el secretario de Gobierno y Coordinador de Gabinete, Santiago Halle; el secretario de Hacienda y Producci\u00f3n, Alexis Bilbao; el secretario de Servicios P\u00fablicos, Juli\u00e1n Hirschfeld; el subsecretario de Cultura, Joaqu\u00edn Arij\u00f3n; el subsecretario de Producci\u00f3n, Oscar Bustamante y la concejal Luisina Minni.<\/p>\n","protected":false},"excerpt":{"rendered":"<p>La propuesta tuvo una amplia oferta gastron&oacute;mica, comercial y de espect&aacute;culos art&iacute;sticos de primer nivel con Virus y The La Planta, entre otros. La iniciativa surgi&oacute; de los comerciantes de la zona y fue impulsada por la Municipalidad y el Ente Mixto Paran&aacute; Turismo (EMPATUR). Fue la primera actividad de la agenda Verano en la [&hellip;]<\/p>\n","protected":false},"author":2,"featured_media":9035,"comment_status":"open","ping_status":"open","sticky":false,"template":"","format":"standard","meta":{"footnotes":""},"categories":[3,1902],"tags":[2338,102,95,161,3662,3661,3660],"class_list":["post-9030","post","type-post","status-publish","format-standard","has-post-thumbnail","hentry","category-locales","category-municipales","tag-empatur","tag-municipalidad","tag-parana","tag-rosario-romero","tag-the-la-planta","tag-virus","tag-vivi-paseo-25-de-mayo"],"_links":{"self":[{"href":"https:\/\/impactodenoticias.com.ar\/index.php?rest_route=\/wp\/v2\/posts\/9030","targetHints":{"allow":["GET"]}}],"collection":[{"href":"https:\/\/impactodenoticias.com.ar\/index.php?rest_route=\/wp\/v2\/posts"}],"about":[{"href":"https:\/\/impactodenoticias.com.ar\/index.php?rest_route=\/wp\/v2\/types\/post"}],"author":[{"embeddable":true,"href":"https:\/\/impactodenoticias.com.ar\/index.php?rest_route=\/wp\/v2\/users\/2"}],"replies":[{"embeddable":true,"href":"https:\/\/impactodenoticias.com.ar\/index.php?rest_route=%2Fwp%2Fv2%2Fcomments&post=9030"}],"version-history":[{"count":1,"href":"https:\/\/impactodenoticias.com.ar\/index.php?rest_route=\/wp\/v2\/posts\/9030\/revisions"}],"predecessor-version":[{"id":9036,"href":"https:\/\/impactodenoticias.com.ar\/index.php?rest_route=\/wp\/v2\/posts\/9030\/revisions\/9036"}],"wp:featuredmedia":[{"embeddable":true,"href":"https:\/\/impactodenoticias.com.ar\/index.php?rest_route=\/wp\/v2\/media\/9035"}],"wp:attachment":[{"href":"https:\/\/impactodenoticias.com.ar\/index.php?rest_route=%2Fwp%2Fv2%2Fmedia&parent=9030"}],"wp:term":[{"taxonomy":"category","embeddable":true,"href":"https:\/\/impactodenoticias.com.ar\/index.php?rest_route=%2Fwp%2Fv2%2Fcategories&post=9030"},{"taxonomy":"post_tag","embeddable":true,"href":"https:\/\/impactodenoticias.com.ar\/index.php?rest_route=%2Fwp%2Fv2%2Ftags&post=9030"}],"curies":[{"name":"wp","href":"https:\/\/api.w.org\/{rel}","templated":true}]}}