{"id":9049,"date":"2024-12-23T18:52:25","date_gmt":"2024-12-23T21:52:25","guid":{"rendered":"https:\/\/impactodenoticias.com.ar\/?p=9049"},"modified":"2024-12-23T18:52:25","modified_gmt":"2024-12-23T21:52:25","slug":"trasladaban-en-moto-elementos-robados-fueron-detenidos","status":"publish","type":"post","link":"https:\/\/impactodenoticias.com.ar\/?p=9049","title":{"rendered":"Trasladaban en moto elementos robados. Fueron detenidos"},"content":{"rendered":"\n<h3 class=\"wp-block-heading\">Dos j\u00f3venes fueron detectados en la zona de la Base A\u00e9rea con los elementos, que hab\u00edan sido sustra\u00eddos a un hombre en San Benito.<\/h3>\n\n\n\n<p>Dos sujetos trasladaban en moto una conservadora, un parlante y un equipo de m\u00fasica. La Polic\u00eda los increp\u00f3 por verles en \u201cactitud sospechosa\u201d y los elementos resultaron haber sido robados en San Benito.<\/p>\n\n\n\n<p>De acuerdo al reporte policial, personal de la comisar\u00eda 15\u00b0 estaba de recorrida por calle 2 de Abril, en la zona de la Base A\u00e9rea de la ciudad, cuando alrededor de las 2:50 de la madrugada de este lunes, observ\u00f3 a dos hombres en una moto \u201cen actitud sospechosa\u201d.<\/p>\n\n\n\n<p>Al ver el m\u00f3vil policial, los sujetos intentaron darse a la fuga, pero fueron demorados. Llevaban consigo una conservadora, un equipo de m\u00fasica y un parlante.<\/p>\n\n\n\n<p>Al consultarles por la procedencia de los mismos, \u201cdaban dichos distintos y confusos\u201d, precisa el informe policial. Ante la duda los agentes del orden, consultaron al 911 si ten\u00eda registro de alg\u00fan hecho reciente de robo relacionado con los elementos que ten\u00edan los sujetos.<\/p>\n\n\n\n<p><\/p>\n\n\n\n<figure class=\"wp-block-image size-full\"><img loading=\"lazy\" decoding=\"async\" width=\"696\" height=\"392\" src=\"https:\/\/impactodenoticias.com.ar\/wp-content\/uploads\/2024\/12\/moto-parlante-conservadora.webp\" alt=\"\" class=\"wp-image-9050\" srcset=\"https:\/\/impactodenoticias.com.ar\/wp-content\/uploads\/2024\/12\/moto-parlante-conservadora.webp 696w, https:\/\/impactodenoticias.com.ar\/wp-content\/uploads\/2024\/12\/moto-parlante-conservadora-300x169.webp 300w\" sizes=\"auto, (max-width: 696px) 100vw, 696px\" \/><\/figure>\n\n\n\n<p><\/p>\n\n\n\n<p>Desde la comisaria San Benito confirmaron que hab\u00edan sido alertados de un robo en una propiedad en calle Buenos Aires. El parlante, el equipo de m\u00fasica y la conservadora coincid\u00edan con los que llevaban los demorados en la moto.<\/p>\n\n\n\n<p>Una vez informada la Fiscal\u00eda en turno, se dispuso la detenci\u00f3n de ambos y el secuestro de la moto (Honda de 150 cilindradas) en la que circulaban. Los elementos robados ser\u00edan devueltos al vecino de San Benito.<\/p>\n","protected":false},"excerpt":{"rendered":"<p>Dos j&oacute;venes fueron detectados en la zona de la Base A&eacute;rea con los elementos, que hab&iacute;an sido sustra&iacute;dos a un hombre en San Benito. Dos sujetos trasladaban en moto una conservadora, un parlante y un equipo de m&uacute;sica. La Polic&iacute;a los increp&oacute; por verles en &ldquo;actitud sospechosa&rdquo; y los elementos resultaron haber sido robados en [&hellip;]<\/p>\n","protected":false},"author":2,"featured_media":9051,"comment_status":"open","ping_status":"open","sticky":false,"template":"","format":"standard","meta":{"footnotes":""},"categories":[3,8],"tags":[138,3669,3670,147,386],"class_list":["post-9049","post","type-post","status-publish","format-standard","has-post-thumbnail","hentry","category-locales","category-policiales","tag-detenidos","tag-heladera","tag-parlante","tag-robo","tag-san-benito"],"_links":{"self":[{"href":"https:\/\/impactodenoticias.com.ar\/index.php?rest_route=\/wp\/v2\/posts\/9049","targetHints":{"allow":["GET"]}}],"collection":[{"href":"https:\/\/impactodenoticias.com.ar\/index.php?rest_route=\/wp\/v2\/posts"}],"about":[{"href":"https:\/\/impactodenoticias.com.ar\/index.php?rest_route=\/wp\/v2\/types\/post"}],"author":[{"embeddable":true,"href":"https:\/\/impactodenoticias.com.ar\/index.php?rest_route=\/wp\/v2\/users\/2"}],"replies":[{"embeddable":true,"href":"https:\/\/impactodenoticias.com.ar\/index.php?rest_route=%2Fwp%2Fv2%2Fcomments&post=9049"}],"version-history":[{"count":1,"href":"https:\/\/impactodenoticias.com.ar\/index.php?rest_route=\/wp\/v2\/posts\/9049\/revisions"}],"predecessor-version":[{"id":9052,"href":"https:\/\/impactodenoticias.com.ar\/index.php?rest_route=\/wp\/v2\/posts\/9049\/revisions\/9052"}],"wp:featuredmedia":[{"embeddable":true,"href":"https:\/\/impactodenoticias.com.ar\/index.php?rest_route=\/wp\/v2\/media\/9051"}],"wp:attachment":[{"href":"https:\/\/impactodenoticias.com.ar\/index.php?rest_route=%2Fwp%2Fv2%2Fmedia&parent=9049"}],"wp:term":[{"taxonomy":"category","embeddable":true,"href":"https:\/\/impactodenoticias.com.ar\/index.php?rest_route=%2Fwp%2Fv2%2Fcategories&post=9049"},{"taxonomy":"post_tag","embeddable":true,"href":"https:\/\/impactodenoticias.com.ar\/index.php?rest_route=%2Fwp%2Fv2%2Ftags&post=9049"}],"curies":[{"name":"wp","href":"https:\/\/api.w.org\/{rel}","templated":true}]}}